{"id":81284,"date":"2026-04-10T21:48:44","date_gmt":"2026-04-10T21:48:44","guid":{"rendered":"https:\/\/zennihost.com\/test\/2026\/04\/10\/fushe-kruje-eduart-afmataj-vrau-fqinjin-pas-sherrit-deshmojne-familjaret-skishin-konflikt-2\/"},"modified":"2026-04-10T21:48:44","modified_gmt":"2026-04-10T21:48:44","slug":"fushe-kruje-eduart-afmataj-vrau-fqinjin-pas-sherrit-deshmojne-familjaret-skishin-konflikt-2","status":"publish","type":"post","link":"https:\/\/zennihost.com\/test\/2026\/04\/10\/fushe-kruje-eduart-afmataj-vrau-fqinjin-pas-sherrit-deshmojne-familjaret-skishin-konflikt-2\/","title":{"rendered":"Fush\u00eb Kruj\u00eb\/ Eduart Afmataj vrau fqinjin pas sherrit, d\u00ebshmojn\u00eb familjar\u00ebt: S\u2019kishin konflikt \u2013"},"content":{"rendered":"<div>\n<p>Artur Cangu u gjet i pajet\u00eb n\u00eb nj\u00eb ullishte n\u00eb fshatin Verjon t\u00eb Nikl\u00ebs pasditen e k\u00ebsaj t\u00eb premte. Policia zbuloi se ai ishte vrar\u00eb me \u00e7ifte. Nga verifikimet e para rezulton e pas k\u00ebtij krimi fshihet Eduard Afmataj banor i t\u00eb nj\u00ebjtit fshat dhe fqinj me babain e viktim\u00ebs.<\/p>\n<p>Pas krimit autori \u00ebsht\u00eb larguar nga vendngjarja dhe policia po vijon k\u00ebrkimet p\u00ebr v\u00ebnien e tij n\u00eb pranga.<\/p>\n<p>P\u00ebrsa i p\u00ebrket motiveve t\u00eb vrasjes grupi hetimor ende nuk ka nj\u00eb pist\u00eb t\u00eb qart\u00eb.\u00a0 N\u00eb momentin e vrasjes nuk ka pasur d\u00ebshmitar\u00eb okular\u00eb p\u00ebr t\u00eb hedhur drit\u00eb mbi p\u00ebrshkall\u00ebzimin e konfliktit.<\/p>\n<p>T\u00eb pyetur nga blut\u00eb familjar\u00ebt e autorit dhe t\u00eb viktim\u00ebs nuk kan\u00eb raportuar konflikte t\u00eb hapura mes pal\u00ebve nd\u00ebrsa sipas informacioneve t\u00eb siguruara n\u00eb terren dyshimet jan\u00eb se konflikti mund t\u00eb ket\u00eb nisur p\u00ebr nj\u00eb pron\u00eb mes autorit dhe babait t\u00eb viktim\u00ebs.<\/p>\n\n<p><em><strong>Artur Cangu<\/strong><\/em><\/p>\n<p><strong>gijotina.com\/<\/strong><\/p>\n<p><!-- CONTENT END 2 --><\/p>\n<\/div>","protected":false},"excerpt":{"rendered":"<p>Artur Cangu u gjet i pajet\u00eb n\u00eb nj\u00eb ullishte n\u00eb fshatin Verjon t\u00eb Nikl\u00ebs pasditen e k\u00ebsaj t\u00eb premte. Policia zbuloi se ai ishte vrar\u00eb me \u00e7ifte. Nga verifikimet e para rezulton e pas k\u00ebtij krimi fshihet Eduard Afmataj banor i t\u00eb nj\u00ebjtit fshat dhe fqinj me babain e viktim\u00ebs. Pas krimit autori \u00ebsht\u00eb larguar [&hellip;]<\/p>\n","protected":false},"author":0,"featured_media":0,"comment_status":"open","ping_status":"open","sticky":false,"template":"","format":"standard","meta":{"footnotes":""},"categories":[1],"tags":[],"class_list":["post-81284","post","type-post","status-publish","format-standard","hentry","category-uncategorized"],"_links":{"self":[{"href":"https:\/\/zennihost.com\/test\/wp-json\/wp\/v2\/posts\/81284","targetHints":{"allow":["GET"]}}],"collection":[{"href":"https:\/\/zennihost.com\/test\/wp-json\/wp\/v2\/posts"}],"about":[{"href":"https:\/\/zennihost.com\/test\/wp-json\/wp\/v2\/types\/post"}],"replies":[{"embeddable":true,"href":"https:\/\/zennihost.com\/test\/wp-json\/wp\/v2\/comments?post=81284"}],"version-history":[{"count":0,"href":"https:\/\/zennihost.com\/test\/wp-json\/wp\/v2\/posts\/81284\/revisions"}],"wp:attachment":[{"href":"https:\/\/zennihost.com\/test\/wp-json\/wp\/v2\/media?parent=81284"}],"wp:term":[{"taxonomy":"category","embeddable":true,"href":"https:\/\/zennihost.com\/test\/wp-json\/wp\/v2\/categories?post=81284"},{"taxonomy":"post_tag","embeddable":true,"href":"https:\/\/zennihost.com\/test\/wp-json\/wp\/v2\/tags?post=81284"}],"curies":[{"name":"wp","href":"https:\/\/api.w.org\/{rel}","templated":true}]}}