{"id":81283,"date":"2026-04-10T21:48:44","date_gmt":"2026-04-10T21:48:44","guid":{"rendered":"https:\/\/zennihost.com\/test\/2026\/04\/10\/ndahet-nga-jeta-ish-kongresmeni-amerikan-eliot-engel-nje-engjell-mbrojtes-i-shqiptareve-2\/"},"modified":"2026-04-10T21:48:44","modified_gmt":"2026-04-10T21:48:44","slug":"ndahet-nga-jeta-ish-kongresmeni-amerikan-eliot-engel-nje-engjell-mbrojtes-i-shqiptareve-2","status":"publish","type":"post","link":"https:\/\/zennihost.com\/test\/2026\/04\/10\/ndahet-nga-jeta-ish-kongresmeni-amerikan-eliot-engel-nje-engjell-mbrojtes-i-shqiptareve-2\/","title":{"rendered":"Ndahet nga jeta ish-kongresmeni amerikan Eliot Engel, nj\u00eb engj\u00ebll mbrojt\u00ebs i shqiptar\u00ebve \u2013"},"content":{"rendered":"<div>\n<p>\u00cbsht\u00eb ndar\u00eb nga jeta n\u00eb mosh\u00ebn 79-vje\u00e7are ish-kongresmeni amerikan Eliot Engel, nj\u00eb nga figurat m\u00eb t\u00eb njohura t\u00eb politik\u00ebs n\u00eb Shtetet e Bashkuara dhe nj\u00eb mb\u00ebshtet\u00ebs i kahersh\u00ebm i \u00e7\u00ebshtjes shqiptare.<\/p>\n<p>Engel p\u00ebrfaq\u00ebsoi shtetin e New York n\u00eb Dhom\u00ebn e P\u00ebrfaq\u00ebsuesve p\u00ebr m\u00eb shum\u00eb se tre dekada, nga viti 1989 deri n\u00eb vitin 2021, duke u shquar p\u00ebr angazhimin e tij n\u00eb politik\u00ebn e jashtme dhe \u00e7\u00ebshtjet nd\u00ebrkomb\u00ebtare.<\/p>\n<p>Ai njihej gjer\u00ebsisht si nj\u00eb z\u00eb i fort\u00eb n\u00eb mb\u00ebshtetje t\u00eb shqiptar\u00ebve, ve\u00e7an\u00ebrisht gjat\u00eb Lufta e Kosov\u00ebs. N\u00eb at\u00eb periudh\u00eb, Engel i b\u00ebri thirrje presidentit t\u00eb at\u00ebhersh\u00ebm amerikan Bill Clinton p\u00ebr nd\u00ebrhyrje ushtarake, me synimin p\u00ebr t\u00eb ndalur spastrimin etnik ndaj shqiptar\u00ebve nga forcat serbe.<\/p>\n<p>Kontributi i tij vijoi edhe pas p\u00ebrfundimit t\u00eb luft\u00ebs, ku ai mbeti nj\u00eb nga mb\u00ebshtet\u00ebsit m\u00eb t\u00eb vendosur t\u00eb Kosova dhe nj\u00eb z\u00eb i fuqish\u00ebm n\u00eb favor t\u00eb pavar\u00ebsis\u00eb s\u00eb saj.<\/p>\n<p>Vdekja e Engel sh\u00ebnon humbjen e nj\u00eb aleati t\u00eb r\u00ebnd\u00ebsish\u00ebm p\u00ebr shqiptar\u00ebt dhe nj\u00eb figure me ndikim n\u00eb politik\u00ebn amerikane nd\u00ebrkomb\u00ebtare.<\/p>\n<p>gijotina.com\/<\/p>\n<p><!-- CONTENT END 2 --><\/p>\n<\/div>","protected":false},"excerpt":{"rendered":"<p>\u00cbsht\u00eb ndar\u00eb nga jeta n\u00eb mosh\u00ebn 79-vje\u00e7are ish-kongresmeni amerikan Eliot Engel, nj\u00eb nga figurat m\u00eb t\u00eb njohura t\u00eb politik\u00ebs n\u00eb Shtetet e Bashkuara dhe nj\u00eb mb\u00ebshtet\u00ebs i kahersh\u00ebm i \u00e7\u00ebshtjes shqiptare. Engel p\u00ebrfaq\u00ebsoi shtetin e New York n\u00eb Dhom\u00ebn e P\u00ebrfaq\u00ebsuesve p\u00ebr m\u00eb shum\u00eb se tre dekada, nga viti 1989 deri n\u00eb vitin 2021, duke [&hellip;]<\/p>\n","protected":false},"author":0,"featured_media":0,"comment_status":"open","ping_status":"open","sticky":false,"template":"","format":"standard","meta":{"footnotes":""},"categories":[1],"tags":[],"class_list":["post-81283","post","type-post","status-publish","format-standard","hentry","category-uncategorized"],"_links":{"self":[{"href":"https:\/\/zennihost.com\/test\/wp-json\/wp\/v2\/posts\/81283","targetHints":{"allow":["GET"]}}],"collection":[{"href":"https:\/\/zennihost.com\/test\/wp-json\/wp\/v2\/posts"}],"about":[{"href":"https:\/\/zennihost.com\/test\/wp-json\/wp\/v2\/types\/post"}],"replies":[{"embeddable":true,"href":"https:\/\/zennihost.com\/test\/wp-json\/wp\/v2\/comments?post=81283"}],"version-history":[{"count":0,"href":"https:\/\/zennihost.com\/test\/wp-json\/wp\/v2\/posts\/81283\/revisions"}],"wp:attachment":[{"href":"https:\/\/zennihost.com\/test\/wp-json\/wp\/v2\/media?parent=81283"}],"wp:term":[{"taxonomy":"category","embeddable":true,"href":"https:\/\/zennihost.com\/test\/wp-json\/wp\/v2\/categories?post=81283"},{"taxonomy":"post_tag","embeddable":true,"href":"https:\/\/zennihost.com\/test\/wp-json\/wp\/v2\/tags?post=81283"}],"curies":[{"name":"wp","href":"https:\/\/api.w.org\/{rel}","templated":true}]}}