{"id":81281,"date":"2026-04-10T21:48:43","date_gmt":"2026-04-10T21:48:43","guid":{"rendered":"https:\/\/zennihost.com\/test\/2026\/04\/10\/a-do-ta-keshilloje-pdk-te-beje-koalicion-me-vv\/"},"modified":"2026-04-10T21:48:43","modified_gmt":"2026-04-10T21:48:43","slug":"a-do-ta-keshilloje-pdk-te-beje-koalicion-me-vv","status":"publish","type":"post","link":"https:\/\/zennihost.com\/test\/2026\/04\/10\/a-do-ta-keshilloje-pdk-te-beje-koalicion-me-vv\/","title":{"rendered":"A do ta k\u00ebshilloje PDK t\u00eb b\u00ebj\u00eb koalicion me VV? \u2013"},"content":{"rendered":"<div>\n<p>Ish-presidenti i Kosov\u00ebs, Hashim Tha\u00e7i nga qendra e paraburgimit n\u00eb Hag\u00eb ka folur p\u00ebr jet\u00ebn politike n\u00eb rast t\u00eb nj\u00eb aktvendimi lirues nga Gjykata Speciale.<\/p>\n<p>N\u00eb nj\u00eb intervist\u00eb p\u00ebr mediumin gjerman \u201cFrankfurter Allgemeine Zeitung\u201d, ndon\u00ebse i rezervuar shprehu q\u00ebndrimin mbi zhvillimet politike n\u00eb Kosov\u00eb.<\/p>\n<p>Ish-presidenti i Kosov\u00ebs q\u00eb \u00ebsht\u00eb gjykuar p\u00ebr krime lufte dhe krime kund\u00ebr njer\u00ebzimit dhe po pret nj\u00eb vendim gjykate tha se ka l\u00ebn\u00eb prapa gar\u00ebn politike, por jo edhe jet\u00ebn politike.<\/p>\n<p>\u201cJu pyetni n\u00ebse jeta ime politike ka mbaruar. E shoh gar\u00ebn politike pas meje, por jo jet\u00ebn time politike. Si qytetar i lir\u00eb i Kosov\u00ebs, do t\u00eb vazhdoj t\u2019i sh\u00ebrbej publikut dhe shtetit n\u00eb t\u00eb ardhmen. I p\u00ebrulem popullit t\u00eb Kosov\u00ebs q\u00eb m\u00eb ka treguar besim, respekt dhe mb\u00ebshtetje p\u00ebr vizionin tim politik p\u00ebr dy dekada. Gjithashtu shpreh mir\u00ebnjohjen time t\u00eb thell\u00eb p\u00ebr partner\u00ebt tan\u00eb nd\u00ebrkomb\u00ebtar\u00eb q\u00eb kan\u00eb punuar ngusht\u00eb me mua p\u00ebr t\u00eb realizuar vullnetin e popullit p\u00ebr liri dhe pavar\u00ebsi. Ndihem i p\u00ebrmbushur n\u00eb karrier\u00ebn time politike\u201d, \u00ebsht\u00eb shprehur Tha\u00e7i.<\/p>\n<p>Ish-kryetari i Partis\u00eb Demokratike t\u00eb Kosov\u00ebs u pyet edhe n\u00ebse do e k\u00ebshillonte kreun e tanish\u00ebm t\u00eb k\u00ebsaj partie q\u00eb n\u00eb em\u00ebr t\u00eb zhbllokimit t\u00eb situat\u00ebs politike n\u00eb Kosov\u00eb t\u00eb arrinte koalicion me L\u00ebvizjen Vet\u00ebvendosje, p\u00ebr \u00e7ka Tha\u00e7i tha se n\u00eb rend t\u00eb par\u00eb duhet t\u00eb vij\u00eb interesi i qytetar\u00ebve t\u00eb Kosov\u00ebs.<\/p>\n<p>\u201cPrioriteti im jan\u00eb procedurat ligjore n\u00ebp\u00ebr t\u00eb cilat po kaloj aktualisht. Sidoqoft\u00eb, ajo q\u00eb mund t\u00eb them \u00ebsht\u00eb se n\u00eb Kosov\u00eb, t\u00eb gjith\u00eb duhet t\u00eb vendosin gjithmon\u00eb interesat e qytetar\u00ebve kosovar\u00eb mbi interesat e partis\u00eb\u201d, \u00ebsht\u00eb shprehur shkurt ish-presidenti p\u00ebr FAZ.<br \/>Megjithat\u00eb, Hashim Tha\u00e7i nga Haga e ka par\u00eb si t\u00eb humbura politik\u00ebn e jashtme t\u00eb Kosov\u00ebs dhe marr\u00ebdh\u00ebniet me partner\u00ebt nd\u00ebrkomb\u00ebtar.<\/p>\n<p>\u201cPes\u00eb vitet e fundit duket se kan\u00eb qen\u00eb t\u00eb humbura p\u00ebr Kosov\u00ebn n\u00eb marr\u00ebdh\u00ebniet e saj me BE-n\u00eb, SHBA-n\u00eb dhe Per\u00ebndimin n\u00eb t\u00ebr\u00ebsi. Kjo \u00ebsht\u00eb e r\u00ebnd\u00ebsishme p\u00ebr nj\u00eb shtet dhe shoq\u00ebri n\u00eb tranzicion. Sanksionet kund\u00ebr institucioneve t\u00eb Kosov\u00ebs jan\u00eb nj\u00eb shkak p\u00ebr shqet\u00ebsim. Mbajtja e marr\u00ebdh\u00ebnieve t\u00eb mira dhe t\u00eb ndershme me aleat\u00ebt tan\u00eb strategjik\u00eb \u00ebsht\u00eb n\u00eb interesin komb\u00ebtar t\u00eb Kosov\u00ebs\u201d, u shpreh ai.<br \/>Hashim Thaci n\u00eb k\u00ebt\u00eb intervist\u00eb ka folur edhe p\u00ebr procesin gjyq\u00ebsor ndaj tij dhe ish-krer\u00ebve t\u00eb tjer\u00eb t\u00eb Ushtris\u00eb \u00c7lirimtare t\u00eb Kosov\u00ebs.<br \/>Derisa ka sqaruar se si erdhi deri te themelimi i Dhomave t\u00eb Specializuara, tha se akuzat p\u00ebr trafikim organesh ishin t\u00eb fabrikuara nga agjent\u00eb rus\u00eb dhe se kjo ishte \u201cpremtimi\u201d i per\u00ebndimit n\u00eb k\u00ebrkes\u00ebn p\u00ebr formimin e DhSK-s\u00eb.<\/p>\n<p>Megjithat\u00eb, shtoi se pret q\u00eb e v\u00ebrteta t\u00eb triumfoj\u00eb.<\/p>\n<p>\u201cShpresa jon\u00eb tani \u00ebsht\u00eb q\u00eb ky proces t\u00eb kontribuoj\u00eb n\u00eb t\u00eb v\u00ebrtet\u00ebn, drejt\u00ebsin\u00eb dhe dinjitetin. Jam i bindur se gjyqtar\u00ebt e kan\u00eb d\u00ebgjuar dhe par\u00eb t\u00eb v\u00ebrtet\u00ebn. E vetmja pyetje q\u00eb mbetet \u00ebsht\u00eb se \u00e7far\u00eb do t\u00eb b\u00ebjn\u00eb me t\u00eb\u201d, u p\u00ebrgjigj Tha\u00e7i p\u00ebr FAZ.<\/p>\n<p>Ish-p\u00ebrfaq\u00ebsuesi politik i U\u00c7K-s\u00eb u shpreh se e v\u00ebrteta e luft\u00ebs n\u00eb Kosov\u00eb \u00ebsht\u00eb e qart\u00eb dhe se gjyqi ndaj tij nuk duhet t\u00eb mb\u00ebshtetet n\u00eb \u201cprovat\u201d e regjimit t\u00eb Sllobodan Millosheviqit.<\/p>\n<p>\u201cKosova kurr\u00eb, n\u00eb asnj\u00eb koh\u00eb dhe n\u00eb asnj\u00eb rrethan\u00eb, nuk sulmoi as edhe nj\u00eb centimet\u00ebr t\u00eb territorit serb. Duhet t\u00eb kujtojm\u00eb se populli i Kosov\u00ebs po luftonte kund\u00ebr shtypjes; Ata po luftonin fjal\u00eb p\u00ebr fjal\u00eb p\u00ebr t\u00eb drejt\u00ebn e tyre njer\u00ebzore p\u00ebr t\u00eb ekzistuar n\u00eb k\u00ebt\u00eb tok\u00eb. B\u00ebhej fjal\u00eb p\u00ebr mbijetes\u00ebn e tyre si individ\u00eb dhe si popull. Ky proces nuk duhet t\u00eb p\u00ebrdoret si mjet p\u00ebr t\u00eb rishkruar historin\u00eb dhe p\u00ebr t\u00eb zvog\u00ebluar vuajtjet e v\u00ebrteta t\u00eb nj\u00eb populli\u201d, deklaroi Tha\u00e7i.<\/p>\n<p>Ish-presidenti i Kosov\u00ebs \u00ebsht\u00eb pyetur edhe p\u00ebr ish-prokurorin special Jack Smith dhe n\u00ebse mendon q\u00eb i nj\u00ebjti \u00ebsht\u00eb i ndikuar politikisht si\u00e7 deklaron presidenti amerikan, Donald Trump.<\/p>\n<p>\u201cN\u00eb k\u00ebt\u00eb pik\u00eb, mund t\u00eb flas vet\u00ebm p\u00ebr nj\u00eb parim, t\u00eb cilin e konsideroj universal: Ligji nuk duhet t\u00eb p\u00ebrdoret kurr\u00eb si instrument politik. Kosova gjithmon\u00eb e ka konsideruar Per\u00ebndimin si nj\u00eb model p\u00ebr demokracin\u00eb dhe sundimin e ligjit. K\u00ebto jan\u00eb standardet q\u00eb ne po p\u00ebrpiqemi t\u2019i zbatojm\u00eb edhe n\u00eb shoq\u00ebrin\u00eb ton\u00eb\u201d, p\u00ebrfundoi intervist\u00ebn Hashim Tha\u00e7i.<\/p>\n<p><strong>gijotina.com\/<\/strong><\/p>\n<p><!-- CONTENT END 2 --><\/p>\n<\/div>","protected":false},"excerpt":{"rendered":"<p>Ish-presidenti i Kosov\u00ebs, Hashim Tha\u00e7i nga qendra e paraburgimit n\u00eb Hag\u00eb ka folur p\u00ebr jet\u00ebn politike n\u00eb rast t\u00eb nj\u00eb aktvendimi lirues nga Gjykata Speciale. N\u00eb nj\u00eb intervist\u00eb p\u00ebr mediumin gjerman \u201cFrankfurter Allgemeine Zeitung\u201d, ndon\u00ebse i rezervuar shprehu q\u00ebndrimin mbi zhvillimet politike n\u00eb Kosov\u00eb. Ish-presidenti i Kosov\u00ebs q\u00eb \u00ebsht\u00eb gjykuar p\u00ebr krime lufte dhe krime [&hellip;]<\/p>\n","protected":false},"author":0,"featured_media":0,"comment_status":"open","ping_status":"open","sticky":false,"template":"","format":"standard","meta":{"footnotes":""},"categories":[1],"tags":[],"class_list":["post-81281","post","type-post","status-publish","format-standard","hentry","category-uncategorized"],"_links":{"self":[{"href":"https:\/\/zennihost.com\/test\/wp-json\/wp\/v2\/posts\/81281","targetHints":{"allow":["GET"]}}],"collection":[{"href":"https:\/\/zennihost.com\/test\/wp-json\/wp\/v2\/posts"}],"about":[{"href":"https:\/\/zennihost.com\/test\/wp-json\/wp\/v2\/types\/post"}],"replies":[{"embeddable":true,"href":"https:\/\/zennihost.com\/test\/wp-json\/wp\/v2\/comments?post=81281"}],"version-history":[{"count":0,"href":"https:\/\/zennihost.com\/test\/wp-json\/wp\/v2\/posts\/81281\/revisions"}],"wp:attachment":[{"href":"https:\/\/zennihost.com\/test\/wp-json\/wp\/v2\/media?parent=81281"}],"wp:term":[{"taxonomy":"category","embeddable":true,"href":"https:\/\/zennihost.com\/test\/wp-json\/wp\/v2\/categories?post=81281"},{"taxonomy":"post_tag","embeddable":true,"href":"https:\/\/zennihost.com\/test\/wp-json\/wp\/v2\/tags?post=81281"}],"curies":[{"name":"wp","href":"https:\/\/api.w.org\/{rel}","templated":true}]}}