{"id":81277,"date":"2026-04-10T20:48:14","date_gmt":"2026-04-10T20:48:14","guid":{"rendered":"https:\/\/zennihost.com\/test\/2026\/04\/10\/masakara-e-peshkepise-perkujtohet-vrasja-e-dy-ushtarakeve-shqiptare-drejtesi-per-peshkepine-fredi-beleri-i-akuzuar\/"},"modified":"2026-04-10T20:48:14","modified_gmt":"2026-04-10T20:48:14","slug":"masakara-e-peshkepise-perkujtohet-vrasja-e-dy-ushtarakeve-shqiptare-drejtesi-per-peshkepine-fredi-beleri-i-akuzuar","status":"publish","type":"post","link":"https:\/\/zennihost.com\/test\/2026\/04\/10\/masakara-e-peshkepise-perkujtohet-vrasja-e-dy-ushtarakeve-shqiptare-drejtesi-per-peshkepine-fredi-beleri-i-akuzuar\/","title":{"rendered":"Masakara e Peshk\u00ebpis\u00eb\/ P\u00ebrkujtohet vrasja e dy ushtarak\u00ebve shqiptar\u00eb: Drejt\u00ebsi p\u00ebr Peshk\u00ebpin\u00eb, Fredi Beleri i akuzuar!"},"content":{"rendered":"<p>Ndon\u00ebse kan\u00eb kaluar 32 vite, nuk ka ende drejt\u00ebsi p\u00ebr masakr\u00ebn e Peshk\u00ebpis\u00eb s\u00eb 10 prillit 1994, kur nga sulmi terrorist ndaj nj\u00eb reparti kufitar pran\u00eb fshatit Peshk\u00ebpi t\u00eb Dropullit, kat\u00ebr kilometra brenda kufirit shqiptar me Greqin\u00eb, mbet\u00ebn t\u00eb vrar\u00eb dy ushtarak\u00eb shqiptar\u00eb, Fatmir Shehu dhe Arsen Gjini, si dhe u plagos\u00ebn tre t\u00eb tjer\u00eb.<\/p>\n<p>\u201cDrejt\u00ebsi p\u00ebr masakr\u00ebn\u201d ishte thirrja kryesore e nj\u00eb grupi aktivist\u00ebsh edhe n\u00eb k\u00ebt\u00eb 32-vjetor, q\u00eb u p\u00ebrkujtua n\u00eb qytete t\u00eb ndryshme t\u00eb vendit, nga Tirana n\u00eb Himar\u00eb, ku u vendos\u00ebn banderola me mesazhe p\u00ebr zbardhjen e masakr\u00ebs.<\/p>\n<p>\u201cDrejt\u00ebsi p\u00ebr Peshk\u00ebpin\u00eb, Alfred Beleri i akuzuar\u201d! \u00cbsht\u00eb mesazhi kryesor i protestuesve, t\u00eb cil\u00ebt 32 vite pas sulmit k\u00ebrkojn\u00eb q\u00eb t\u00eb dal\u00eb para drejt\u00ebsis\u00eb edhe Fredi Beleri, i hetuar nga autoritetet shqiptare p\u00ebr ngjarjen, por q\u00eb \u00e7\u00ebshtja ndaj tij \u00ebsht\u00eb mbyllur p\u00ebr munges\u00eb provash, nd\u00ebrsa tashm\u00eb ai \u00ebsht\u00eb eurodeputet i Greqis\u00eb n\u00eb Parlamentin Europian.<\/p>\n<p>Nj\u00eb banderol\u00eb rreth 10 metra \u00ebsht\u00eb vendosur n\u00eb sheshin \u201cN\u00ebn\u00eb Tereza\u201d, n\u00eb Tiran\u00eb, nj\u00eb tjet\u00ebr para rrug\u00ebs s\u00eb ambasadave n\u00eb kryeqytet, si dhe n\u00eb zona t\u00eb ndryshme t\u00eb Himar\u00ebs.<\/p>\n<p>Protesta \u00ebsht\u00eb organizuar nga grupe atdhetare, t\u00eb cil\u00ebt jan\u00eb shprehur se nuk do t\u00eb t\u00ebrhiqen s\u00eb k\u00ebrkuar drejt\u00ebsi p\u00ebr masakr\u00ebn e Peshk\u00ebpis\u00eb.<\/p>\n<p>Sulmi ndodhi n\u00eb or\u00ebt e para t\u00eb m\u00ebngjesit t\u00eb 10 prillit 1994, kur nj\u00eb grup nacionalist grek hyri i armatosur dhe me maska n\u00eb repartin shqiptar, ku q\u00eblloi mbi ushtar\u00ebt shqiptar\u00eb, duke vrar\u00eb dy prej tyre, dhe m\u00eb pas rr\u00ebmbeu edhe arm\u00ebt luftarake q\u00eb ishin n\u00eb depon e repartit.<\/p>\n<p>Ngjarja e r\u00ebnd\u00eb \u00ebsht\u00eb hetuar nga autoritetet e t\u00eb dyja vendeve, greke dhe shqiptare, por pa shpallur fajtor\u00eb.<\/p>\n<p><strong>gijotina.com\/<\/strong><\/p>\n<p>The post <a href=\"https:\/\/gijotina.com\/eurodeputeti\/\">Masakara e Peshk\u00ebpis\u00eb\/ P\u00ebrkujtohet vrasja e dy ushtarak\u00ebve shqiptar\u00eb: Drejt\u00ebsi p\u00ebr Peshk\u00ebpin\u00eb, Fredi Beleri i akuzuar!<\/a> appeared first on <a href=\"https:\/\/gijotina.com\/\">GIJOTINA<\/a>.<\/p>","protected":false},"excerpt":{"rendered":"<p>Ndon\u00ebse kan\u00eb kaluar 32 vite, nuk ka ende drejt\u00ebsi p\u00ebr masakr\u00ebn e Peshk\u00ebpis\u00eb s\u00eb 10 prillit 1994, kur nga sulmi terrorist ndaj nj\u00eb reparti kufitar pran\u00eb fshatit Peshk\u00ebpi t\u00eb Dropullit, kat\u00ebr kilometra brenda kufirit shqiptar me Greqin\u00eb, mbet\u00ebn t\u00eb vrar\u00eb dy ushtarak\u00eb shqiptar\u00eb, Fatmir Shehu dhe Arsen Gjini, si dhe u plagos\u00ebn tre t\u00eb tjer\u00eb. [&hellip;]<\/p>\n","protected":false},"author":0,"featured_media":0,"comment_status":"open","ping_status":"open","sticky":false,"template":"","format":"standard","meta":{"footnotes":""},"categories":[1],"tags":[],"class_list":["post-81277","post","type-post","status-publish","format-standard","hentry","category-uncategorized"],"_links":{"self":[{"href":"https:\/\/zennihost.com\/test\/wp-json\/wp\/v2\/posts\/81277","targetHints":{"allow":["GET"]}}],"collection":[{"href":"https:\/\/zennihost.com\/test\/wp-json\/wp\/v2\/posts"}],"about":[{"href":"https:\/\/zennihost.com\/test\/wp-json\/wp\/v2\/types\/post"}],"replies":[{"embeddable":true,"href":"https:\/\/zennihost.com\/test\/wp-json\/wp\/v2\/comments?post=81277"}],"version-history":[{"count":0,"href":"https:\/\/zennihost.com\/test\/wp-json\/wp\/v2\/posts\/81277\/revisions"}],"wp:attachment":[{"href":"https:\/\/zennihost.com\/test\/wp-json\/wp\/v2\/media?parent=81277"}],"wp:term":[{"taxonomy":"category","embeddable":true,"href":"https:\/\/zennihost.com\/test\/wp-json\/wp\/v2\/categories?post=81277"},{"taxonomy":"post_tag","embeddable":true,"href":"https:\/\/zennihost.com\/test\/wp-json\/wp\/v2\/tags?post=81277"}],"curies":[{"name":"wp","href":"https:\/\/api.w.org\/{rel}","templated":true}]}}