{"id":81273,"date":"2026-04-10T18:51:22","date_gmt":"2026-04-10T18:51:22","guid":{"rendered":"https:\/\/zennihost.com\/test\/2026\/04\/10\/vrasja-ne-nikel-cfare-dihet-deri-me-tani-per-konfliktin\/"},"modified":"2026-04-10T18:51:22","modified_gmt":"2026-04-10T18:51:22","slug":"vrasja-ne-nikel-cfare-dihet-deri-me-tani-per-konfliktin","status":"publish","type":"post","link":"https:\/\/zennihost.com\/test\/2026\/04\/10\/vrasja-ne-nikel-cfare-dihet-deri-me-tani-per-konfliktin\/","title":{"rendered":"Vrasja n\u00eb Nik\u00ebl, \u00e7far\u00eb dihet deri m\u00eb tani p\u00ebr konfliktin"},"content":{"rendered":"<p>Detaje t\u00eb reja kan\u00eb dal\u00eb nga vrasja q\u00eb ka ndodhur mbr\u00ebmjen e sotme n\u00eb Nik\u00ebl, ku Eduart Ahmataj, ka q\u00eblluar p\u00ebr vdekje me arm\u00eb zjarri kunatin e tij, Artur \u00c7angu, pas nj\u00eb konflikti mes tyre.<\/p>\n<p>Nd\u00ebrkoh\u00eb \u00ebsht\u00eb publikuar foto e 48-vje\u00e7arit \u00c7angu q\u00eb mbeti viktim\u00eb mbr\u00ebmjen e sotme.<\/p>\n<p>M\u00ebsohet se autori ka pasur nj\u00eb sherr disa dit\u00eb m\u00eb par\u00eb me djemt\u00eb e viktim\u00ebs, nd\u00ebrsa sot ka kryer edhe vrasjen.<\/p>\n<p>Po ashtu policia b\u00ebri me dije se ka shpallur n\u00eb k\u00ebrkim 33-vje\u00e7arin Eduart Ahmataj, i cili dyshohet se \u00ebsht\u00eb autor i krimit.<\/p>\n<p>Sipas informacionit paraprak t\u00eb policis\u00eb, vijon k\u00ebrkimi p\u00ebr arrestimin e autorit t\u00eb dyshuar.<\/p>\n<p>\u201cRreth or\u00ebs 18:15, n\u00eb fshatin Vrion, Nik\u00ebl, dyshohet se shtetasi E. A, gjat\u00eb nj\u00eb konflikti p\u00ebr motive t\u00eb dob\u00ebta ka vrar\u00eb me arm\u00eb shtetasin A. C. Sh\u00ebrbimet e Policis\u00eb vijojn\u00eb kontrollet p\u00ebr kapjen e autorit t\u00eb dyshuar shtetasit E. A. Grupi hetimor ndodhet n\u00eb vendngjarje dhe punon p\u00ebr sqarimin e plot\u00eb e rrethanave t\u00eb rastit dhe dokumentimin e plot\u00eb ligjor t\u00eb tij\u201c, njofton policia.<\/p>\n<p>The post <a href=\"https:\/\/lapsi.al\/2026\/04\/10\/vrasja-ne-nikel-cfare-dihet-deri-me-tani-per-konfliktin\/\">Vrasja n\u00eb Nik\u00ebl, \u00e7far\u00eb dihet deri m\u00eb tani p\u00ebr konfliktin<\/a> appeared first on <a href=\"https:\/\/lapsi.al\/\">Lapsi.al<\/a>.<\/p>","protected":false},"excerpt":{"rendered":"<p>Detaje t\u00eb reja kan\u00eb dal\u00eb nga vrasja q\u00eb ka ndodhur mbr\u00ebmjen e sotme n\u00eb Nik\u00ebl, ku Eduart Ahmataj, ka q\u00eblluar p\u00ebr vdekje me arm\u00eb zjarri kunatin e tij, Artur \u00c7angu, pas nj\u00eb konflikti mes tyre. Nd\u00ebrkoh\u00eb \u00ebsht\u00eb publikuar foto e 48-vje\u00e7arit \u00c7angu q\u00eb mbeti viktim\u00eb mbr\u00ebmjen e sotme. M\u00ebsohet se autori ka pasur nj\u00eb sherr [&hellip;]<\/p>\n","protected":false},"author":0,"featured_media":0,"comment_status":"open","ping_status":"open","sticky":false,"template":"","format":"standard","meta":{"footnotes":""},"categories":[1],"tags":[],"class_list":["post-81273","post","type-post","status-publish","format-standard","hentry","category-uncategorized"],"_links":{"self":[{"href":"https:\/\/zennihost.com\/test\/wp-json\/wp\/v2\/posts\/81273","targetHints":{"allow":["GET"]}}],"collection":[{"href":"https:\/\/zennihost.com\/test\/wp-json\/wp\/v2\/posts"}],"about":[{"href":"https:\/\/zennihost.com\/test\/wp-json\/wp\/v2\/types\/post"}],"replies":[{"embeddable":true,"href":"https:\/\/zennihost.com\/test\/wp-json\/wp\/v2\/comments?post=81273"}],"version-history":[{"count":0,"href":"https:\/\/zennihost.com\/test\/wp-json\/wp\/v2\/posts\/81273\/revisions"}],"wp:attachment":[{"href":"https:\/\/zennihost.com\/test\/wp-json\/wp\/v2\/media?parent=81273"}],"wp:term":[{"taxonomy":"category","embeddable":true,"href":"https:\/\/zennihost.com\/test\/wp-json\/wp\/v2\/categories?post=81273"},{"taxonomy":"post_tag","embeddable":true,"href":"https:\/\/zennihost.com\/test\/wp-json\/wp\/v2\/tags?post=81273"}],"curies":[{"name":"wp","href":"https:\/\/api.w.org\/{rel}","templated":true}]}}