{"id":81272,"date":"2026-04-10T19:48:20","date_gmt":"2026-04-10T19:48:20","guid":{"rendered":"https:\/\/zennihost.com\/test\/2026\/04\/10\/komenti-i-shqiptarit-behet-viral-dyshon-tek-fotot-nga-hena-nasa-i-pergjigjet-publikisht\/"},"modified":"2026-04-10T19:48:20","modified_gmt":"2026-04-10T19:48:20","slug":"komenti-i-shqiptarit-behet-viral-dyshon-tek-fotot-nga-hena-nasa-i-pergjigjet-publikisht","status":"publish","type":"post","link":"https:\/\/zennihost.com\/test\/2026\/04\/10\/komenti-i-shqiptarit-behet-viral-dyshon-tek-fotot-nga-hena-nasa-i-pergjigjet-publikisht\/","title":{"rendered":"Komenti i shqiptarit b\u00ebhet viral, dyshon tek fotot nga H\u00ebna, NASA i p\u00ebrgjigjet publikisht!"},"content":{"rendered":"<p>Nj\u00eb bashk\u00ebbisedim i pazakont\u00eb n\u00eb rrjetet sociale \u00ebsht\u00eb b\u00ebr\u00eb viral n\u00eb or\u00ebt e fundit, ku n\u00eb qend\u00ebr t\u00eb v\u00ebmendjes \u00ebsht\u00eb nj\u00eb i ri nga Kosova dhe vet\u00eb NASA. Gjith\u00e7ka nisi pas publikimit t\u00eb disa pamjeve mbres\u00ebl\u00ebn\u00ebse nga misioni Artemis II, ku shfaqej ana e pasme e H\u00ebn\u00ebs me Tok\u00ebn n\u00eb sfond. Megjithat\u00eb, jo t\u00eb gjith\u00eb p\u00ebrdoruesit u bind\u00ebn p\u00ebr autenticitetin e k\u00ebtyre imazheve.<\/p>\n<p>Komenti i cili brenda pak minutave mori qindra \u201clikes\u201d ngriti dyshime p\u00ebr munges\u00ebn e yjeve n\u00eb foto, duke sugjeruar se ato mund t\u00eb ishin krijuar nga inteligjenca artificiale. Ky koment mori nj\u00eb p\u00ebrgjigje t\u00eb drejtp\u00ebrdrejt\u00eb nga NASA, e cila sqaroi arsyen shkencore pas k\u00ebtij fenomeni. Sipas agjencis\u00eb, yjet nuk duken n\u00eb k\u00ebto imazhe sepse jan\u00eb shum\u00eb m\u00eb t\u00eb zbeht\u00eb krahasuar me ndri\u00e7imin e fort\u00eb t\u00eb H\u00ebn\u00ebs, e cila reflekton shum\u00eb m\u00eb tep\u00ebr drit\u00eb. P\u00ebr m\u00eb tep\u00ebr, kamerat kan\u00eb kufizime n\u00eb kapjen e kontrastit mes elementeve shum\u00eb t\u00eb ndritshme dhe atyre shum\u00eb t\u00eb err\u00ebta.<\/p>\n<p>Nd\u00ebrkaq, n\u00eb 2 gusht do t\u00eb ndodh\u00eb nj\u00eb nga eklipset totale diellore m\u00eb t\u00eb gjata t\u00eb shekullit. H\u00ebna do t\u00eb mbuloj\u00eb plot\u00ebsisht Diellin, duke kthyer dit\u00ebn n\u00eb nj\u00eb nat\u00eb t\u00eb pazakont\u00eb. Qielli do t\u00eb err\u00ebsohet, temperatura mund t\u00eb ulet pak dhe madje mund t\u00eb duken edhe yjet p\u00ebr disa \u00e7aste. Ky fenomen nuk do t\u00eb ndodh\u00eb n\u00eb gjith\u00eb bot\u00ebn, por vet\u00ebm n\u00eb zonat q\u00eb ndodhen n\u00eb rrug\u00ebn e eklipsit. N\u00eb k\u00ebto vende, err\u00ebsira mund t\u00eb zgjas\u00eb deri n\u00eb rreth 6 minuta, gj\u00eb q\u00eb \u00ebsht\u00eb shum\u00eb e rrall\u00eb p\u00ebr nj\u00eb eklips diellor.<\/p>","protected":false},"excerpt":{"rendered":"<p>Nj\u00eb bashk\u00ebbisedim i pazakont\u00eb n\u00eb rrjetet sociale \u00ebsht\u00eb b\u00ebr\u00eb viral n\u00eb or\u00ebt e fundit, ku n\u00eb qend\u00ebr t\u00eb v\u00ebmendjes \u00ebsht\u00eb nj\u00eb i ri nga Kosova dhe vet\u00eb NASA. Gjith\u00e7ka nisi pas publikimit t\u00eb disa pamjeve mbres\u00ebl\u00ebn\u00ebse nga misioni Artemis II, ku shfaqej ana e pasme e H\u00ebn\u00ebs me Tok\u00ebn n\u00eb sfond. Megjithat\u00eb, jo t\u00eb gjith\u00eb [&hellip;]<\/p>\n","protected":false},"author":0,"featured_media":0,"comment_status":"open","ping_status":"open","sticky":false,"template":"","format":"standard","meta":{"footnotes":""},"categories":[1],"tags":[],"class_list":["post-81272","post","type-post","status-publish","format-standard","hentry","category-uncategorized"],"_links":{"self":[{"href":"https:\/\/zennihost.com\/test\/wp-json\/wp\/v2\/posts\/81272","targetHints":{"allow":["GET"]}}],"collection":[{"href":"https:\/\/zennihost.com\/test\/wp-json\/wp\/v2\/posts"}],"about":[{"href":"https:\/\/zennihost.com\/test\/wp-json\/wp\/v2\/types\/post"}],"replies":[{"embeddable":true,"href":"https:\/\/zennihost.com\/test\/wp-json\/wp\/v2\/comments?post=81272"}],"version-history":[{"count":0,"href":"https:\/\/zennihost.com\/test\/wp-json\/wp\/v2\/posts\/81272\/revisions"}],"wp:attachment":[{"href":"https:\/\/zennihost.com\/test\/wp-json\/wp\/v2\/media?parent=81272"}],"wp:term":[{"taxonomy":"category","embeddable":true,"href":"https:\/\/zennihost.com\/test\/wp-json\/wp\/v2\/categories?post=81272"},{"taxonomy":"post_tag","embeddable":true,"href":"https:\/\/zennihost.com\/test\/wp-json\/wp\/v2\/tags?post=81272"}],"curies":[{"name":"wp","href":"https:\/\/api.w.org\/{rel}","templated":true}]}}