{"id":81270,"date":"2026-04-10T19:48:20","date_gmt":"2026-04-10T19:48:20","guid":{"rendered":"https:\/\/zennihost.com\/test\/2026\/04\/10\/interi-ne-telashe-lautaro-demtohet-serish\/"},"modified":"2026-04-10T19:48:20","modified_gmt":"2026-04-10T19:48:20","slug":"interi-ne-telashe-lautaro-demtohet-serish","status":"publish","type":"post","link":"https:\/\/zennihost.com\/test\/2026\/04\/10\/interi-ne-telashe-lautaro-demtohet-serish\/","title":{"rendered":"Interi n\u00eb telashe, Lautaro d\u00ebmtohet s\u00ebrish"},"content":{"rendered":"<p>Nuk ka qet\u00ebsi tek Interi. Kapiteni Lautaro Martinez \u00ebsht\u00eb detyruar t\u00eb ndalet s\u00ebrish p\u00ebr shkak d\u00ebmtimi.<\/p>\n<p>Pas ekzaminimeve mjek\u00ebsore t\u00eb kryera, klubi zikalt\u00ebr njoftoi se sulmuesi argjentinas ka p\u00ebsuar nj\u00eb t\u00ebrheqje muskulore n\u00eb k\u00ebmb\u00ebn e majt\u00eb.<\/p>\n<p>Ky d\u00ebmtim pritet ta mbaj\u00eb kapitenin jasht\u00eb fushave p\u00ebr t\u00eb pakt\u00ebn dy jav\u00eb, duke humbur k\u00ebshtu sfidat e radh\u00ebs kund\u00ebr Comos dhe Cagliarit.<\/p>\n<p>Situata mbetet shqet\u00ebsuese p\u00ebr trajnerin Chivu, pasi Martinez me shum\u00eb mund\u00ebsi nuk do t\u00eb jet\u00eb i gatsh\u00ebm as p\u00ebr gjysm\u00ebfinalen e kthimit n\u00eb Kup\u00ebn e Italis\u00eb. Shpresa e vetme e stafit teknik \u00ebsht\u00eb rikthimi i tij p\u00ebr p\u00ebrballjen ndaj Torinos n\u00eb fund t\u00eb muajit prill.<\/p>\n<p>Kjo \u00ebsht\u00eb nj\u00eb goditje e r\u00ebnd\u00eb p\u00ebr Interin, q\u00eb po lufton p\u00ebr titullin kampion, duke qen\u00eb se Lautaro sapo ishte rikthyer nga nj\u00eb d\u00ebmtim i gjat\u00eb duke sh\u00ebnuar menj\u00ebher\u00eb dy gola ndaj Rom\u00ebs.<\/p>","protected":false},"excerpt":{"rendered":"<p>Nuk ka qet\u00ebsi tek Interi. Kapiteni Lautaro Martinez \u00ebsht\u00eb detyruar t\u00eb ndalet s\u00ebrish p\u00ebr shkak d\u00ebmtimi. Pas ekzaminimeve mjek\u00ebsore t\u00eb kryera, klubi zikalt\u00ebr njoftoi se sulmuesi argjentinas ka p\u00ebsuar nj\u00eb t\u00ebrheqje muskulore n\u00eb k\u00ebmb\u00ebn e majt\u00eb. Ky d\u00ebmtim pritet ta mbaj\u00eb kapitenin jasht\u00eb fushave p\u00ebr t\u00eb pakt\u00ebn dy jav\u00eb, duke humbur k\u00ebshtu sfidat e radh\u00ebs [&hellip;]<\/p>\n","protected":false},"author":0,"featured_media":0,"comment_status":"open","ping_status":"open","sticky":false,"template":"","format":"standard","meta":{"footnotes":""},"categories":[1],"tags":[],"class_list":["post-81270","post","type-post","status-publish","format-standard","hentry","category-uncategorized"],"_links":{"self":[{"href":"https:\/\/zennihost.com\/test\/wp-json\/wp\/v2\/posts\/81270","targetHints":{"allow":["GET"]}}],"collection":[{"href":"https:\/\/zennihost.com\/test\/wp-json\/wp\/v2\/posts"}],"about":[{"href":"https:\/\/zennihost.com\/test\/wp-json\/wp\/v2\/types\/post"}],"replies":[{"embeddable":true,"href":"https:\/\/zennihost.com\/test\/wp-json\/wp\/v2\/comments?post=81270"}],"version-history":[{"count":0,"href":"https:\/\/zennihost.com\/test\/wp-json\/wp\/v2\/posts\/81270\/revisions"}],"wp:attachment":[{"href":"https:\/\/zennihost.com\/test\/wp-json\/wp\/v2\/media?parent=81270"}],"wp:term":[{"taxonomy":"category","embeddable":true,"href":"https:\/\/zennihost.com\/test\/wp-json\/wp\/v2\/categories?post=81270"},{"taxonomy":"post_tag","embeddable":true,"href":"https:\/\/zennihost.com\/test\/wp-json\/wp\/v2\/tags?post=81270"}],"curies":[{"name":"wp","href":"https:\/\/api.w.org\/{rel}","templated":true}]}}