{"id":81265,"date":"2026-04-10T19:48:17","date_gmt":"2026-04-10T19:48:17","guid":{"rendered":"https:\/\/zennihost.com\/test\/2026\/04\/10\/e-premtja-e-zeze-mijera-qyetare-korcare-ne-procesionin-me-epitafe-para-katedrales-ngjallja-e-krishtit-2\/"},"modified":"2026-04-10T19:48:17","modified_gmt":"2026-04-10T19:48:17","slug":"e-premtja-e-zeze-mijera-qyetare-korcare-ne-procesionin-me-epitafe-para-katedrales-ngjallja-e-krishtit-2","status":"publish","type":"post","link":"https:\/\/zennihost.com\/test\/2026\/04\/10\/e-premtja-e-zeze-mijera-qyetare-korcare-ne-procesionin-me-epitafe-para-katedrales-ngjallja-e-krishtit-2\/","title":{"rendered":"\u201cE Premtja e Zez\u00eb\u201d\/ Mij\u00ebra qyetar\u00eb kor\u00e7ar\u00eb n\u00eb procesionin me epitafe para katedrales \u201cNgjallja e Krishtit\u201d"},"content":{"rendered":"<p>Kor\u00e7a \u00ebsht\u00eb shnd\u00ebrruar n\u00eb epiqendr\u00ebn e festimeve t\u00eb Pashk\u00ebve, ku mij\u00ebra qytetar\u00eb dhe turist\u00eb,k\u00ebt\u00eb t\u00eb premte jan\u00eb b\u00ebr\u00eb pjes\u00eb e nj\u00eb prej riteve m\u00eb t\u00eb r\u00ebnd\u00ebsishme t\u00eb besimit ortodoks, kalimit n\u00ebn epitaf.<\/p>\n<div class=\"ai-viewport-2 ai-viewport-3\">\n<div class=\"code-block code-block-10\">Epitafet e gjasht\u00eb kishave t\u00eb qytetit u bashkuan para Katedrales \u201cNgjallja e Krishtit\u201d, p\u00ebr t\u00eb vijuar m\u00eb pas n\u00eb nj\u00eb procesion p\u00ebrgjat\u00eb rrug\u00ebve kryesore t\u00eb Kor\u00e7\u00ebs. N\u00ebn tingujt e k\u00ebng\u00ebve liturgjike dhe lutjeve, besimtar\u00ebt kan\u00eb ndjekur nga af\u00ebr k\u00ebt\u00eb ritual t\u00eb shenjt\u00eb.<\/div>\n<\/div>\n<p>Procesioni \u00ebsht\u00eb udh\u00ebhequr nga Mitropoliti i Kor\u00e7\u00ebs, Imzot Anastasi, nd\u00ebrsa besimtar\u00ebt kan\u00eb p\u00ebrkujtuar t\u00eb Premten e Madhe, ose si\u00e7 njihet ndryshe \u201cE Premtja e Zez\u00eb\u201d, nj\u00eb dit\u00eb q\u00eb simbolizon sakrific\u00ebn dhe kryq\u00ebzimin e Jezu Krishtit.<\/p>\n<div class=\"ai-viewport-2 ai-viewport-3\">\n<div class=\"code-block code-block-11\">Kulmi i festimeve arrihet nat\u00ebn e s\u00eb shtun\u00ebs, kur besimtar\u00ebt mblidhen n\u00eb katedralen ringjallja e krishtit p\u00ebr t\u00eb marr\u00eb drit\u00ebn e shenjt\u00eb p\u00ebrmes qirinjve nj\u00eb simbol i ringjalljes dhe shpres\u00ebs.<\/div>\n<\/div>\n<div>Nd\u00ebrkoh\u00eb festimet n\u00eb Kor\u00e7\u00eb p\u00ebrmbyllen dit\u00ebn e diel\u00eb me drek\u00ebn tradicionale, nj\u00eb moment i r\u00ebnd\u00ebsish\u00ebm p\u00ebr familjet kor\u00e7are dhe jo vet\u00ebm t\u00eb cilat festojn\u00eb s\u00eb bashku k\u00ebt\u00eb dit\u00eb t\u00eb shenjt\u00eb.<\/div>\n<div><strong>gijotina.com\/<\/strong><\/div>\n<p>The post <a href=\"https:\/\/gijotina.com\/festa-7\/\">\u201cE Premtja e Zez\u00eb\u201d\/ Mij\u00ebra qyetar\u00eb kor\u00e7ar\u00eb n\u00eb procesionin me epitafe para katedrales \u201cNgjallja e Krishtit\u201d<\/a> appeared first on <a href=\"https:\/\/gijotina.com\/\">GIJOTINA<\/a>.<\/p>","protected":false},"excerpt":{"rendered":"<p>Kor\u00e7a \u00ebsht\u00eb shnd\u00ebrruar n\u00eb epiqendr\u00ebn e festimeve t\u00eb Pashk\u00ebve, ku mij\u00ebra qytetar\u00eb dhe turist\u00eb,k\u00ebt\u00eb t\u00eb premte jan\u00eb b\u00ebr\u00eb pjes\u00eb e nj\u00eb prej riteve m\u00eb t\u00eb r\u00ebnd\u00ebsishme t\u00eb besimit ortodoks, kalimit n\u00ebn epitaf. Epitafet e gjasht\u00eb kishave t\u00eb qytetit u bashkuan para Katedrales \u201cNgjallja e Krishtit\u201d, p\u00ebr t\u00eb vijuar m\u00eb pas n\u00eb nj\u00eb procesion p\u00ebrgjat\u00eb rrug\u00ebve [&hellip;]<\/p>\n","protected":false},"author":0,"featured_media":0,"comment_status":"open","ping_status":"open","sticky":false,"template":"","format":"standard","meta":{"footnotes":""},"categories":[1],"tags":[],"class_list":["post-81265","post","type-post","status-publish","format-standard","hentry","category-uncategorized"],"_links":{"self":[{"href":"https:\/\/zennihost.com\/test\/wp-json\/wp\/v2\/posts\/81265","targetHints":{"allow":["GET"]}}],"collection":[{"href":"https:\/\/zennihost.com\/test\/wp-json\/wp\/v2\/posts"}],"about":[{"href":"https:\/\/zennihost.com\/test\/wp-json\/wp\/v2\/types\/post"}],"replies":[{"embeddable":true,"href":"https:\/\/zennihost.com\/test\/wp-json\/wp\/v2\/comments?post=81265"}],"version-history":[{"count":0,"href":"https:\/\/zennihost.com\/test\/wp-json\/wp\/v2\/posts\/81265\/revisions"}],"wp:attachment":[{"href":"https:\/\/zennihost.com\/test\/wp-json\/wp\/v2\/media?parent=81265"}],"wp:term":[{"taxonomy":"category","embeddable":true,"href":"https:\/\/zennihost.com\/test\/wp-json\/wp\/v2\/categories?post=81265"},{"taxonomy":"post_tag","embeddable":true,"href":"https:\/\/zennihost.com\/test\/wp-json\/wp\/v2\/tags?post=81265"}],"curies":[{"name":"wp","href":"https:\/\/api.w.org\/{rel}","templated":true}]}}