{"id":81264,"date":"2026-04-10T19:48:16","date_gmt":"2026-04-10T19:48:16","guid":{"rendered":"https:\/\/zennihost.com\/test\/2026\/04\/10\/arrestohet-shqiptari-i-kerkuar-nga-interpol-per-vrasje\/"},"modified":"2026-04-10T19:48:16","modified_gmt":"2026-04-10T19:48:16","slug":"arrestohet-shqiptari-i-kerkuar-nga-interpol-per-vrasje","status":"publish","type":"post","link":"https:\/\/zennihost.com\/test\/2026\/04\/10\/arrestohet-shqiptari-i-kerkuar-nga-interpol-per-vrasje\/","title":{"rendered":"Arrestohet shqiptari i k\u00ebrkuar nga Interpol p\u00ebr vrasje \u2013"},"content":{"rendered":"<div>\n<p>Autoritetet e lidhin at\u00eb me struktura kriminale q\u00eb operojn\u00eb n\u00eb Costa del Sol, nj\u00eb zon\u00eb e njohur p\u00ebr pranin\u00eb e organizatave evropiane t\u00eb trafikut t\u00eb drog\u00ebs. Emri i tij shfaqet n\u00eb rrjete kriminale q\u00eb operojn\u00eb n\u00eb disa vende t\u00eb kontinentit.<\/p>\n<div class=\"ai-viewport-2 ai-viewport-3\">\n<p>Rasti p\u00ebr t\u00eb cilin k\u00ebrkohej daton m\u00eb 30 qershor 2022, n\u00eb lagjen Golden Beach n\u00eb Marbela, ku u gjet trupi i Aleksandar K., nj\u00eb shtetas serb me shenja torture dhe plag\u00eb nga arma e zjarrit. Hetimi i gjykat\u00ebs \u00e7oi n\u00eb urdh\u00ebr-arreste t\u00eb l\u00ebshuara n\u00eb korrik 2022 dhe n\u00ebntor 2023.<\/p>\n<\/div>\n<p>Sipas dosjeve gjyq\u00ebsore n\u00eb Evrop\u00eb, viktima kishte lidhje me rrjete t\u00eb trafikut t\u00eb drog\u00ebs dhe kishte bashk\u00ebpunuar si informator me autoritetet gjermane. Njohurit\u00eb e tij mbi rrjetet kriminale n\u00eb Evrop\u00eb dhe lidhjet me organizata n\u00eb Amerik\u00ebn Latine e b\u00ebnin nj\u00eb figur\u00eb ky\u00e7e n\u00eb k\u00ebto struktura.<\/p>\n<p>N\u00eb k\u00ebt\u00eb rrjet, Florind Rama lidhet me organizata kriminale me origjin\u00eb ballkanike, p\u00ebrfshir\u00eb klane q\u00eb veprojn\u00eb n\u00eb Mal t\u00eb Zi, Serbi dhe Kroaci, si dhe kontakte n\u00eb Gjermani. Autoritetet po hetojn\u00eb edhe lidhje t\u00eb mundshme me rrjete t\u00eb trafikut t\u00eb drog\u00ebs n\u00eb Amerik\u00eb.<\/p>\n<p>Gjat\u00eb hetimeve u konstatua se autor\u00ebt e vrasjes l\u00ebviznin me automjete specifike, p\u00ebrfshir\u00eb nj\u00eb Porsche Cayenne dhe nj\u00eb Volkswagen, si dhe u gjet\u00ebn p\u00ebrputhje balistike q\u00eb lidhin arm\u00ebn e p\u00ebrdorur me krime t\u00eb tjera n\u00eb territorin gjerman.<\/p>\n<p>Prania e tij n\u00eb Pereira, ku p\u00ebrpiqej t\u00eb fshihej, hapi linja t\u00eb reja hetimi. Autoritetet po analizojn\u00eb lidhjet e mundshme me rrjete lokale t\u00eb narko-trafikut, p\u00ebrfshir\u00eb struktura n\u00eb Eje Cafetero, si dhe kontakte me organizata nd\u00ebrkomb\u00ebtare.<\/p>\n<p>Operacioni u realizua n\u00eb bashk\u00ebpunim mes autoriteteve kolumbiane, Europol-it dhe agjencive t\u00eb siguris\u00eb t\u00eb Shteteve t\u00eb Bashkuara. N\u00eb t\u00eb nj\u00ebjt\u00ebn linj\u00eb, blloku i k\u00ebrkimit n\u00eb Pereira ka arrestuar edhe aktor\u00eb t\u00eb tjer\u00eb t\u00eb ekonomive ilegale, p\u00ebrfshir\u00eb alias Cakin.<\/p>\n<p>Florind Rama pritet t\u00eb p\u00ebrballet me procesin e ekstradimit drejt Evrop\u00ebs, ku k\u00ebrkohet p\u00ebr vepra si vrasje, ndalim i paligjsh\u00ebm, arm\u00ebmbajtje dhe pjes\u00ebmarrje n\u00eb organizat\u00eb kriminale. Nd\u00ebrkoh\u00eb, autoritetet po vazhdojn\u00eb hetimet p\u00ebr aktivitetin e tij n\u00eb Kolumbi dhe lidhjet e mundshme me rrjete t\u00eb m\u00ebdha narko-trafiku, p\u00ebrfshir\u00eb \u201cLa Cordillera\u201d, kartelin e Sinaloas dhe Jalisco.<\/p>\n<p><a href=\"https:\/\/rumble.com\/v78bupy-arrestimi-i-florind-rames-ne-kolumbi.html\">https:\/\/rumble.com\/v78bupy-arrestimi-i-florind-rames-ne-kolumbi.html<\/a><\/p>\n<p><strong>gijotina.com\/<\/strong><\/p>\n<\/div>","protected":false},"excerpt":{"rendered":"<p>Autoritetet e lidhin at\u00eb me struktura kriminale q\u00eb operojn\u00eb n\u00eb Costa del Sol, nj\u00eb zon\u00eb e njohur p\u00ebr pranin\u00eb e organizatave evropiane t\u00eb trafikut t\u00eb drog\u00ebs. Emri i tij shfaqet n\u00eb rrjete kriminale q\u00eb operojn\u00eb n\u00eb disa vende t\u00eb kontinentit. Rasti p\u00ebr t\u00eb cilin k\u00ebrkohej daton m\u00eb 30 qershor 2022, n\u00eb lagjen Golden Beach n\u00eb [&hellip;]<\/p>\n","protected":false},"author":0,"featured_media":0,"comment_status":"open","ping_status":"open","sticky":false,"template":"","format":"standard","meta":{"footnotes":""},"categories":[1],"tags":[],"class_list":["post-81264","post","type-post","status-publish","format-standard","hentry","category-uncategorized"],"_links":{"self":[{"href":"https:\/\/zennihost.com\/test\/wp-json\/wp\/v2\/posts\/81264","targetHints":{"allow":["GET"]}}],"collection":[{"href":"https:\/\/zennihost.com\/test\/wp-json\/wp\/v2\/posts"}],"about":[{"href":"https:\/\/zennihost.com\/test\/wp-json\/wp\/v2\/types\/post"}],"replies":[{"embeddable":true,"href":"https:\/\/zennihost.com\/test\/wp-json\/wp\/v2\/comments?post=81264"}],"version-history":[{"count":0,"href":"https:\/\/zennihost.com\/test\/wp-json\/wp\/v2\/posts\/81264\/revisions"}],"wp:attachment":[{"href":"https:\/\/zennihost.com\/test\/wp-json\/wp\/v2\/media?parent=81264"}],"wp:term":[{"taxonomy":"category","embeddable":true,"href":"https:\/\/zennihost.com\/test\/wp-json\/wp\/v2\/categories?post=81264"},{"taxonomy":"post_tag","embeddable":true,"href":"https:\/\/zennihost.com\/test\/wp-json\/wp\/v2\/tags?post=81264"}],"curies":[{"name":"wp","href":"https:\/\/api.w.org\/{rel}","templated":true}]}}