{"id":81261,"date":"2026-04-10T18:48:36","date_gmt":"2026-04-10T18:48:36","guid":{"rendered":"https:\/\/zennihost.com\/test\/2026\/04\/10\/gjithcka-ishte-per-lirine-thaci-flet-nga-qelia-ne-hage-per-arrestimin-gjykaten-speciale-dhe-shkembimin-e-kufijve\/"},"modified":"2026-04-10T18:48:36","modified_gmt":"2026-04-10T18:48:36","slug":"gjithcka-ishte-per-lirine-thaci-flet-nga-qelia-ne-hage-per-arrestimin-gjykaten-speciale-dhe-shkembimin-e-kufijve","status":"publish","type":"post","link":"https:\/\/zennihost.com\/test\/2026\/04\/10\/gjithcka-ishte-per-lirine-thaci-flet-nga-qelia-ne-hage-per-arrestimin-gjykaten-speciale-dhe-shkembimin-e-kufijve\/","title":{"rendered":"\u201cGjith\u00e7ka ishte p\u00ebr lirin\u00eb\u201d, Tha\u00e7i flet nga qelia n\u00eb Hag\u00eb p\u00ebr arrestimin, Gjykat\u00ebn Speciale dhe shk\u00ebmbimin e kufijve"},"content":{"rendered":"<p>Ish-presidenti i Kosov\u00ebs, Hashim Tha\u00e7i ka zhvilluar nj\u00eb intervist\u00eb me gazet\u00ebn gjermane, Frankfurter Allgemeine Sonntagszeitung ku ka folur lidhur me vdekjen e babait t\u00eb tij dhe gjyqin q\u00eb po zhvillohet n\u00eb Hag\u00eb ndaj tij.<\/p>\n<p>Sa i p\u00ebrket vdekjes s\u00eb babait t\u00eb tij, Tha\u00e7i theksoi se ka qen\u00eb nj\u00eb humbje e madhe se pamund\u00ebsia p\u00ebr t\u00eb marr\u00eb pjes\u00eb n\u00eb ceremonin\u00eb mortore \u00ebsht\u00eb nj\u00eb dhimbje q\u00eb do ta mbaj\u00eb mend p\u00ebr gjith\u00eb jet\u00ebn.<\/p>\n<p>Sa i p\u00ebrket gjyqit, Tha\u00e7i tha se gjykatat duhet t\u00eb japin drejt\u00ebsi dhe jo d\u00ebnime t\u00eb bazuara n\u00eb mashtrim. Ai shtoi se shpreson q\u00eb ky proces t\u00eb kontribuoj\u00eb n\u00eb t\u00eb v\u00ebrtet\u00ebn, drejt\u00ebsin\u00eb dhe dinjitetin. Sipas tij gjyqtar\u00ebt e kan\u00eb d\u00ebgjuar dhe par\u00eb t\u00eb v\u00ebrtet\u00ebn teksa shtoi se e vetmja pyetje q\u00eb mbetet \u00ebsht\u00eb se \u00e7far\u00eb do t\u00eb b\u00ebjn\u00eb me t\u00eb.<\/p>\n<p>Intervista e plot\u00eb:<\/p>\n<p>Z. Tha\u00e7i, ju lutem pranoni ngush\u00ebllimet e mia t\u00eb vonuara p\u00ebr vdekjen e babait tuaj. Mendoj se kjo humbje duhet t\u00eb ket\u00eb qen\u00eb ve\u00e7an\u00ebrisht e v\u00ebshtir\u00eb, pasi ju nuk mund\u00ebt t\u00eb merrnit pjes\u00eb n\u00eb funeralin e tij. N\u00eb nj\u00eb nga intervistat tuaja t\u00eb m\u00ebparshme, ju deklaruat se nuk keni nd\u00ebrmend t\u00eb ktheheni n\u00eb politik\u00eb n\u00ebse liroheni nga akuzat kund\u00ebr jush dhe do t\u00eb jeni n\u00eb gjendje t\u00eb ktheheni n\u00eb Kosov\u00eb si njeri i lir\u00eb. A \u00ebsht\u00eb e v\u00ebrtet\u00eb kjo? A ka mbaruar jeta e politikanit Hashim Tha\u00e7i n\u00eb m\u00ebnyr\u00eb t\u00eb pakthyeshme?<\/p>\n<p>Tha\u00e7i: V\u00ebrtet i vler\u00ebsoj fjal\u00ebt tuaja t\u00eb mira p\u00ebr vdekjen e babait tim. Ishte nj\u00eb humbje e madhe p\u00ebr familjen time dhe p\u00ebr mua personalisht. Tani jam n\u00eb vitin e gjasht\u00eb t\u00eb paraburgimit dhe ende pres nj\u00eb vendim gjykate. Pamund\u00ebsia p\u00ebr t\u00eb marr\u00eb pjes\u00eb n\u00eb funeralin e babait tim dhe p\u00ebr t\u00eb shprehur respektin tim m\u00eb ka plagosur thell\u00eb, nj\u00eb dhimbje q\u00eb do ta mbaj p\u00ebr gjith\u00eb jet\u00ebn time. Ju pyetni n\u00ebse jeta ime politike ka mbaruar.<\/p>\n<p>Un\u00eb e shoh gar\u00ebn politike pas meje, por jo jet\u00ebn time politike. Si qytetar i lir\u00eb i Kosov\u00ebs, do t\u00eb vazhdoj t\u2019i sh\u00ebrbej publikut dhe shtetit n\u00eb t\u00eb ardhmen. I p\u00ebrulem popullit t\u00eb Kosov\u00ebs q\u00eb m\u00eb ka treguar besim, respekt dhe mb\u00ebshtetje p\u00ebr vizionin tim politik p\u00ebr dy dekada. Gjithashtu shpreh mir\u00ebnjohjen time t\u00eb thell\u00eb p\u00ebr partner\u00ebt tan\u00eb nd\u00ebrkomb\u00ebtar\u00eb q\u00eb kan\u00eb punuar ngusht\u00eb me mua p\u00ebr t\u00eb realizuar vullnetin e popullit p\u00ebr liri dhe pavar\u00ebsi. Ndihem i p\u00ebrmbushur n\u00eb karrier\u00ebn time politike.<\/p>\n<p>Ekipi juaj mbrojt\u00ebs argumenton se nuk kishte nj\u00eb zinxhir t\u00eb qart\u00eb komande brenda U\u00c7K-s\u00eb, q\u00eb do t\u00eb thot\u00eb se ju dhe t\u00eb bashk\u00ebpandehurit tuaj nuk mund t\u00eb mbaheni p\u00ebrgjegj\u00ebs p\u00ebr krimet e kryera n\u00eb terren, pasi thjesht nuk kishit kontroll mbi to.<\/p>\n<p>Disa d\u00ebshmitar\u00eb n\u00eb gjyqin tuaj e kan\u00eb mb\u00ebshtetur k\u00ebt\u00eb pik\u00ebpamje. Nga ana tjet\u00ebr, madje as avokat\u00ebt tuaj nuk e mohojn\u00eb se an\u00ebtar\u00eb t\u00eb ve\u00e7ant\u00eb t\u00eb U\u00c7K-s\u00eb kan\u00eb kryer krime lufte. N\u00ebse k\u00ebto krime kan\u00eb ndodhur, por nuk ka pasur zinxhir komande, at\u00ebher\u00eb kush duhet t\u00eb nxirret para drejt\u00ebsis\u00eb n\u00eb vend t\u00eb jush dhe t\u00eb bashk\u00ebpandehurve tuaj?<\/p>\n<p>Tha\u00e7i: Un\u00eb i mb\u00ebshtes plot\u00ebsisht argumentet q\u00eb ekipi im mbrojt\u00ebs paraqiti n\u00eb gjykat\u00eb pas konsultimit me mua. Dhomat e Specializuara t\u00eb Kosov\u00ebs (DSO) jan\u00eb me t\u00eb v\u00ebrtet\u00eb mekanizmi i kat\u00ebrt i udh\u00ebhequr nga bashk\u00ebsia nd\u00ebrkomb\u00ebtare, pas ICTY-s\u00eb (Tribunali Nd\u00ebrkomb\u00ebtar Penal p\u00ebr ish-Jugosllavin\u00eb), gjykatave t\u00eb ICTY-s\u00eb (Misioni Tranzicional i OKB-s\u00eb n\u00eb Kosov\u00eb) dhe EULEX-it (Misioni i BE-s\u00eb p\u00ebr Sundimin e Ligjit).<\/p>\n<p>Secili prej k\u00ebtyre institucioneve ka kryer hetime t\u00eb gjera mbi \u00e7\u00ebshtjet q\u00eb lidhen me vitet 1998 dhe 1999 n\u00eb Kosov\u00eb dhe ka nxjerr\u00eb p\u00ebrfundime se kush \u00ebsht\u00eb p\u00ebrgjegj\u00ebs p\u00ebr abuzimet. Q\u00ebllimi i krijimit t\u00eb DSO-s\u00eb ishte t\u00eb hetonte akuzat n\u00eb raportin e Dick Marty-t, ve\u00e7an\u00ebrisht akuzat p\u00ebr trafikim organesh \u2013 akuza t\u00eb b\u00ebra nga p\u00ebrfaq\u00ebsuesit rus\u00eb n\u00eb K\u00ebshillin e Evrop\u00ebs. Kjo \u00ebsht\u00eb ajo q\u00eb BE-ja i paraqiti Kosov\u00ebs dhe kjo \u00ebsht\u00eb ajo p\u00ebr t\u00eb cil\u00ebn votoi Parlamenti i Kosov\u00ebs kur vendosi t\u00eb bashkohej me krijimin e k\u00ebtij tribunali.<\/p>\n<p>N\u00eb t\u00eb kund\u00ebrt, aktakuza jon\u00eb dhe \u00e7\u00ebshtja e Zyr\u00ebs s\u00eb Prokurorit Special nuk p\u00ebrmbajn\u00eb asgj\u00eb n\u00eb lidhje me ndonj\u00eb akuz\u00eb t\u00eb till\u00eb. As edhe nj\u00eb p\u00ebrmendje. Pretendimet ishin t\u00eb rreme dhe me sa duket u konsideruan t\u00eb padenj\u00eb p\u00ebr hetim t\u00eb m\u00ebtejsh\u00ebm nga DSO-ja. Edhe Gjenerali Clark, n\u00eb d\u00ebshmin\u00eb e tij, i p\u00ebrshkroi akuzat n\u00eb raportin e Dick Marty-t si nj\u00eb fushat\u00eb dezinformimi ruse. Si\u00e7 dihet mir\u00eb, rus\u00ebt m\u00eb von\u00eb b\u00ebn\u00eb akuza t\u00eb ngjashme kund\u00ebr Ukrain\u00ebs si pjes\u00eb t\u00eb skem\u00ebs s\u00eb tyre t\u00eb agresionit. Disa koh\u00eb m\u00eb par\u00eb, Profesor Daniel Ser\u00eber m\u00eb vizitoi n\u00eb Hag\u00eb.<\/p>\n<p>Ai m\u00eb von\u00eb shkroi se edhe ai kishte mb\u00ebshtetur krijimin e nj\u00eb gjykate p\u00ebr t\u2019u marr\u00eb me raportin e Dick Marty-t dhe se, sipas tij, situata kishte nj\u00eb lloj karremi: Parlamenti i Kosov\u00ebs besonte, ashtu si un\u00eb dhe ai, se fokusi i gjykat\u00ebs do t\u00eb ishte kryesisht n\u00eb akuzat p\u00ebr trafikim organesh. Ai vazhdoi duke th\u00ebn\u00eb se gjykatat e k\u00ebtij lloji duhet t\u00eb japin drejt\u00ebsi, jo d\u00ebnime t\u00eb bazuara n\u00eb mashtrim, dhe se asnj\u00eb l\u00ebvizje e ardhshme \u00e7lirimtare nuk do t\u00eb binte kurr\u00eb dakord p\u00ebr nj\u00eb gjykat\u00eb t\u00eb till\u00eb.<\/p>\n<p>Shpresa jon\u00eb tani \u00ebsht\u00eb q\u00eb ky proces t\u00eb kontribuoj\u00eb n\u00eb t\u00eb v\u00ebrtet\u00ebn, drejt\u00ebsin\u00eb dhe dinjitetin. Jam i bindur se gjyqtar\u00ebt e kan\u00eb d\u00ebgjuar dhe par\u00eb t\u00eb v\u00ebrtet\u00ebn. E vetmja pyetje q\u00eb mbetet \u00ebsht\u00eb se \u00e7far\u00eb do t\u00eb b\u00ebjn\u00eb me t\u00eb.<\/p>\n<p>Shteti i Kosov\u00ebs shpenzon shum\u00eb para p\u00ebr t\u00eb pandehurit n\u00eb Hag\u00eb, p\u00ebr shembull duke paguar p\u00ebr vizitat e an\u00ebtar\u00ebve t\u00eb familjes. A duhet q\u00eb shteti i Kosov\u00ebs t\u00eb paguaj\u00eb edhe kompensim nga buxheti i tij p\u00ebr viktimat e krimeve t\u00eb kryera nga an\u00ebtar\u00ebt e U\u00c7K-s\u00eb? Aktualisht, kjo nuk po ndodh.<\/p>\n<p>Tha\u00e7i: Mb\u00ebshtetja e Kosov\u00ebs p\u00ebr individ\u00ebt q\u00eb p\u00ebrballen me procedura penale n\u00eb Hag\u00eb, jasht\u00eb Kosov\u00ebs, duke p\u00ebrfshir\u00eb ndihm\u00ebn themelore humanitare, si\u00e7 jan\u00eb vizitat familjare, pasqyron bindjen ton\u00eb se \u00e7do qenie njer\u00ebzore meriton dinjitet dhe nj\u00eb gjykim t\u00eb drejt\u00eb. Kjo \u00ebsht\u00eb praktik\u00eb standarde n\u00eb shoq\u00ebrit\u00eb demokratike.<\/p>\n<p>N\u00eb t\u00eb nj\u00ebjt\u00ebn koh\u00eb, Kosova nuk i ka harruar kurr\u00eb viktimat. Institucionet tona tashm\u00eb kan\u00eb krijuar mekanizma p\u00ebr t\u2019i mb\u00ebshtetur ato. Nd\u00ebrsa Kosova vazhdon t\u00eb zhvillohet, q\u00ebllimi do t\u00eb jet\u00eb t\u00eb ndihmohen t\u00eb gjith\u00eb ata q\u00eb kan\u00eb vuajtur dhe po vuajn\u00eb. Pak vende n\u00eb bot\u00eb kan\u00eb marr\u00eb p\u00ebrsip\u00ebr nj\u00eb p\u00ebrgjegj\u00ebsi t\u00eb till\u00eb.<\/p>\n<p>Edhe n\u00ebse an\u00ebtar\u00eb individual\u00eb t\u00eb U\u00c7K-s\u00eb kan\u00eb kryer krime, shkalla e k\u00ebtyre krimeve nuk mund t\u00eb krahasohet me at\u00eb q\u00eb forcat serbe t\u00eb siguris\u00eb dhe paraushtarak\u00ebt kryen n\u00eb Kosov\u00eb n\u00eb vitet 1998\/99. A ekziston rreziku q\u00eb gjyqi kund\u00ebr jush dhe t\u00eb bashk\u00ebpandehurve tuaj t\u00eb shtremb\u00ebroj\u00eb kuptimin historik t\u00eb asaj q\u00eb ndodhi n\u00eb Kosov\u00eb n\u00eb vitet 1990, pasi v\u00ebzhguesit sip\u00ebrfaq\u00ebsor\u00eb mund t\u00eb krijojn\u00eb p\u00ebrshtypjen se t\u00eb dyja pal\u00ebt kryen krime po aq t\u00eb r\u00ebnda?<\/p>\n<p>Tha\u00e7i: Ky \u00ebsht\u00eb nj\u00eb shqet\u00ebsim legjitim i ndar\u00eb nga shumica d\u00ebrrmuese e njer\u00ebzve n\u00eb Kosov\u00eb dhe m\u00eb gjer\u00eb. Ngjarjet e viteve 1990 jan\u00eb t\u00eb dokumentuara mir\u00eb. Kjo nuk \u00ebsht\u00eb \u00e7\u00ebshtje interpretimi \u2013 \u00ebsht\u00eb pjes\u00eb e fakteve t\u00eb v\u00ebrtetuara, t\u00eb regjistruara p\u00ebrmes dokumenteve dhe raporteve diplomatike, organizatave nd\u00ebrkomb\u00ebtare, tribunaleve dhe v\u00ebzhguesve n\u00eb terren. T\u00eb ashtuquajturat \u201cprova\u201d t\u00eb fabrikuara gjat\u00eb epok\u00ebs s\u00eb Millosheviqit nuk duhet t\u00eb p\u00ebrdoren n\u00eb asnj\u00eb gjykat\u00eb ose t\u00eb trajtohen si fakte t\u00eb v\u00ebrtetuara.<\/p>\n<p>Pjesa m\u00eb e madhe e asaj q\u00eb u fabrikua sh\u00ebrbeu p\u00ebr t\u00eb ndikuar, jo p\u00ebr t\u00eb v\u00ebrtet\u00ebn. N\u00ebse e pranojm\u00eb k\u00ebt\u00eb, nuk do t\u00eb jet\u00eb \u00e7udi n\u00ebse pretendimet dhe trillimet e ardhshme t\u00eb Putinit pranohen n\u00eb m\u00ebnyr\u00eb t\u00eb ngjashme si t\u00eb v\u00ebrteta dhe p\u00ebrdoren kund\u00ebr Presidentit Zelensky dhe rezistenc\u00ebs ukrainase. N\u00eb t\u00eb kund\u00ebrt, Kosova kurr\u00eb, n\u00eb asnj\u00eb koh\u00eb dhe n\u00eb asnj\u00eb rrethan\u00eb, nuk sulmoi asnj\u00eb centimet\u00ebr t\u00eb territorit serb.<\/p>\n<p>Duhet t\u00eb kujtojm\u00eb se populli i Kosov\u00ebs po luftonte kund\u00ebr shtypjes; ata po luftonin fjal\u00eb p\u00ebr fjal\u00eb p\u00ebr t\u00eb drejt\u00ebn e tyre njer\u00ebzore p\u00ebr t\u00eb ekzistuar n\u00eb k\u00ebt\u00eb tok\u00eb. B\u00ebhej fjal\u00eb p\u00ebr mbijetes\u00ebn e tyre si individ\u00eb dhe si popull. Ky proces nuk duhet t\u00eb p\u00ebrdoret si nj\u00eb mjet p\u00ebr t\u00eb rishkruar historin\u00eb dhe p\u00ebr t\u00eb zvog\u00ebluar vuajtjet e v\u00ebrteta t\u00eb nj\u00eb populli.<\/p>\n<p>Gjyqi kund\u00ebr jush dhe t\u00eb bashk\u00ebpandehurve tuaj \u00ebsht\u00eb gjithashtu me r\u00ebnd\u00ebsi t\u00eb madhe p\u00ebr Per\u00ebndimin. N\u00ebse shpalleni fajtor, kjo do t\u00eb thot\u00eb q\u00eb Per\u00ebndimi (NATO) bashk\u00ebpunoi me nj\u00eb kriminel lufte n\u00eb bombardimin e Serbis\u00eb n\u00eb vitin 1999. A ndjeni nj\u00ebfar\u00eb nervozizmi midis disa aktor\u00ebve n\u00eb Per\u00ebndim n\u00eb lidhje me nj\u00eb rezultat kaq t\u00eb mundsh\u00ebm? (Sh\u00ebnim personal p\u00ebr sqarim: Sipas mendimit tim, nd\u00ebrhyrja e NATO-s n\u00eb vitin 1999 ishte e justifikuar dhe e nevojshme \u2013 n\u00ebse kishte ndonj\u00eb gj\u00eb, erdhi vite me vones\u00eb.)<\/p>\n<p>Madeleine Albright shkruan n\u00eb kujtimet e saj se n\u00eb Rambuje nuk mund t\u00eb merrje vendime vet\u00eb, por duhej t\u00eb mbaje kontakt t\u00eb vazhduesh\u00ebm me U\u00c7K-n\u00eb n\u00eb Kosov\u00eb p\u00ebr t\u00eb pyetur se me cilat kompromise mund t\u00eb bieshe dhe me cilat jo. Kjo duket t\u00eb jet\u00eb nj\u00eb prov\u00eb e m\u00ebtejshme se pushteti juaj nuk ishte aq i madh sa pretendon prokuroria. A do ta p\u00ebrdorni k\u00ebt\u00eb argument n\u00eb mbrojtjen tuaj?<\/p>\n<p>Tha\u00e7i: Nd\u00ebrhyrja e NATO-s n\u00eb vitin 1999 u udh\u00ebhoq nga vlerat thelb\u00ebsore per\u00ebndimore t\u00eb liris\u00eb, drejt\u00ebsis\u00eb, t\u00eb drejtave t\u00eb njeriut dhe mbrojtjes s\u00eb jet\u00ebs njer\u00ebzore. NATO na erdhi n\u00eb ndihm\u00eb sepse kuptoi se kush ishim, \u00e7far\u00eb p\u00ebrfaq\u00ebsonim dhe \u00e7far\u00eb po kalonim n\u00ebn Millosheviqin. Ata e pan\u00eb gjendjen ton\u00eb t\u00eb v\u00ebshtir\u00eb. N\u00eb konferenc\u00ebn nd\u00ebrkomb\u00ebtare n\u00eb Rambuje t\u00eb Franc\u00ebs, n\u00eb vitin 1999, delegacioni yn\u00eb pranoi paqen, nd\u00ebrsa Serbia zgjodhi luft\u00ebn, shtypjen dhe spastrimin etnik. Vendimi yn\u00eb pasqyroi angazhimin ton\u00eb p\u00ebr dialog, parimet e p\u00ebrbashk\u00ebta demokratike dhe bashk\u00ebjetes\u00ebn paq\u00ebsore.<\/p>\n<p>M\u00eb vjen shum\u00eb keq q\u00eb Sekretarja e Shtetit Madeleine Albright, Ambasadori Richard Holbrooke, Senatori Robert Dole dhe t\u00eb tjer\u00eb nuk jan\u00eb m\u00eb me ne \u2013 ata do t\u00eb kishin qen\u00eb d\u00ebshmitar\u00eb t\u00eb jasht\u00ebzakonsh\u00ebm para k\u00ebsaj gjykate. Ata e kuptuan si kontekstin ashtu edhe veprimet dhe q\u00ebllimet e popullit kosovar, si dhe vendosm\u00ebrin\u00eb e Millosheviqit p\u00ebr t\u00eb kryer spastrim etnik dhe gjenocid. Serbia sulmoi Kosov\u00ebn dhe populli i Kosov\u00ebs rezistoi.<\/p>\n<p>Pa rezistenc\u00ebn e popullsis\u00eb kosovare dhe pa nd\u00ebrhyrjen e NATO-s, Kosova nuk do t\u00eb ekzistonte sot. Kosovar\u00ebt shqiptar\u00eb nuk do t\u00eb ekzistonin. Populli i Kosov\u00ebs b\u00ebri at\u00eb q\u00eb \u00e7do popullsi e shtypur gjat\u00eb historis\u00eb ka b\u00ebr\u00eb \u2014 dhe do t\u00eb b\u00ebnte \u2014 kur u p\u00ebrball me nj\u00eb k\u00ebrc\u00ebnim ekzistencial nga diktator\u00eb si Slobodan Millosheviq.<\/p>\n<p>Ju nuk keni qen\u00eb aktiv n\u00eb politik\u00eb p\u00ebr gjysm\u00eb dekade, por sigurisht q\u00eb bota nuk ka q\u00ebndruar n\u00eb vend. N\u00eb intervist\u00ebn tuaj t\u00eb par\u00eb nga burgu, that\u00eb se duhej t\u00eb arrihej nj\u00eb paqe e q\u00ebndrueshme me Serbin\u00eb, me njohje t\u00eb nd\u00ebrsjell\u00eb si nj\u00eb marr\u00ebveshje ligj\u00ebrisht t\u00eb detyrueshme. A mund t\u00eb shpjegoni se \u00e7far\u00eb duhej t\u00eb arrinte i ashtuquajturi shk\u00ebmbim tokash midis Serbis\u00eb dhe Kosov\u00ebs n\u00eb k\u00ebt\u00eb drejtim? Fjala \u201cshk\u00ebmbim\u201d do t\u00eb thot\u00eb gjithashtu \u201cshk\u00ebmbim\u201d.<\/p>\n<p>Por, a u diskutua ndonj\u00ebher\u00eb nj\u00eb shk\u00ebmbim tokash midis jush dhe Aleksandar Vu\u00e7i\u00e7it? A u diskutua ndonj\u00ebher\u00eb nj\u00eb shk\u00ebmbim i Mitrovicave t\u00eb Veriut, Leposavi\u00e7it, Zve\u00e7anit dhe Zubin Potokut p\u00ebr Lugin\u00ebn e Preshev\u00ebs midis jush dhe Vu\u00e7i\u00e7it? Apo \u201cshk\u00ebmbimi\u201d parashikonte q\u00eb Kosova t\u00eb hiqte dor\u00eb nga veriu n\u00eb k\u00ebmbim t\u00eb njohjes serbe?<\/p>\n<p>Pyes sepse nuk mund t\u00eb gjej asnj\u00eb deklarat\u00eb t\u00eb Vu\u00e7i\u00e7it n\u00eb t\u00eb cil\u00ebn ai t\u00eb sugjeronte ndonj\u00ebher\u00eb q\u00eb Serbia, n\u00ebn udh\u00ebheqjen e tij, do ta njihte Kosov\u00ebn. Kur e diskutova k\u00ebt\u00eb personalisht me t\u00eb, ai mbeti po aq i paqart\u00eb. Cila do t\u00eb kishte qen\u00eb, pra, pjesa serbe e planit t\u00eb shk\u00ebmbimit? Pavar\u00ebsisht nga sfondi: A \u00ebsht\u00eb e v\u00ebrtet\u00eb q\u00eb Angela Merkel, n\u00eb ve\u00e7anti, ishte kund\u00ebr ides\u00eb s\u00eb shk\u00ebmbimit?<\/p>\n<p>Tha\u00e7i: Q\u00ebllimi im kryesor ishte t\u00eb siguroja nj\u00eb paqe t\u00eb q\u00ebndrueshme midis Kosov\u00ebs dhe Serbis\u00eb \u2013 nj\u00eb paqe q\u00eb do t\u2019u lejonte t\u00eb dy vendeve t\u00eb ecnin p\u00ebrpara dhe t\u00eb hapnin der\u00ebn p\u00ebr integrimin e plot\u00eb t\u00eb Kosov\u00ebs n\u00eb sistemin nd\u00ebrkomb\u00ebtar. Do t\u00eb ishte e pafalshme t\u2019u liheshin \u00e7\u00ebshtjet e pazgjidhura brezave t\u00eb ardhsh\u00ebm. Angazhimi im ishte t\u00eb ndiqja rrug\u00ebt diplomatike p\u00ebr t\u00eb arritur rezultate brenda korniz\u00ebs s\u00eb Kushtetut\u00ebs s\u00eb Kosov\u00ebs, gjithmon\u00eb n\u00eb bashk\u00ebpunim me aleat\u00ebt tan\u00eb kryesor\u00eb.<\/p>\n<p>Bashkimi Evropian luajti nj\u00eb rol jet\u00ebsor n\u00eb leht\u00ebsimin e nj\u00eb dialogu teknik midis Kosov\u00ebs dhe Serbis\u00eb. Megjithat\u00eb, p\u00ebrvoja ka treguar se progresi \u00ebsht\u00eb gjithmon\u00eb i mundur kur Shtetet e Bashkuara jan\u00eb gjithashtu t\u00eb p\u00ebrfshira n\u00eb m\u00ebnyr\u00eb aktive n\u00eb rajonin ton\u00eb. Pes\u00eb vitet e fundit duket se jan\u00eb humbur p\u00ebr Kosov\u00ebn n\u00eb marr\u00ebdh\u00ebniet e saj me BE-n\u00eb, SHBA-n\u00eb dhe Per\u00ebndimin n\u00eb t\u00ebr\u00ebsi.<\/p>\n<p>Kjo \u00ebsht\u00eb e r\u00ebnd\u00ebsishme p\u00ebr nj\u00eb shtet dhe shoq\u00ebri n\u00eb tranzicion. Sanksionet kund\u00ebr institucioneve t\u00eb Kosov\u00ebs jan\u00eb nj\u00eb shkak p\u00ebr shqet\u00ebsim. Mbajtja e marr\u00ebdh\u00ebnieve t\u00eb mira dhe t\u00eb ndershme me aleat\u00ebt tan\u00eb strategjik\u00eb \u00ebsht\u00eb n\u00eb interesin komb\u00ebtar t\u00eb Kosov\u00ebs.<\/p>\n<p>A do ta k\u00ebshillonit ish-partin\u00eb tuaj, PDK-n\u00eb, t\u00eb hynte n\u00eb ndonj\u00eb lloj koalicioni apo bashk\u00ebpunimi me Vet\u00ebvendosjen e Albin Kurtit p\u00ebr t\u00eb kap\u00ebrcyer bllokimin aktual n\u00eb Kosov\u00eb?<\/p>\n<p>Tha\u00e7i: Prioriteti im jan\u00eb procedurat ligjore n\u00ebp\u00ebr t\u00eb cilat po kaloj aktualisht. Megjithat\u00eb, ajo q\u00eb mund t\u00eb them \u00ebsht\u00eb se n\u00eb Kosov\u00eb, t\u00eb gjith\u00eb duhet t\u2019i vendosin gjithmon\u00eb interesat e qytetar\u00ebve t\u00eb Kosov\u00ebs mbi interesat partiake.<\/p>","protected":false},"excerpt":{"rendered":"<p>Ish-presidenti i Kosov\u00ebs, Hashim Tha\u00e7i ka zhvilluar nj\u00eb intervist\u00eb me gazet\u00ebn gjermane, Frankfurter Allgemeine Sonntagszeitung ku ka folur lidhur me vdekjen e babait t\u00eb tij dhe gjyqin q\u00eb po zhvillohet n\u00eb Hag\u00eb ndaj tij. Sa i p\u00ebrket vdekjes s\u00eb babait t\u00eb tij, Tha\u00e7i theksoi se ka qen\u00eb nj\u00eb humbje e madhe se pamund\u00ebsia p\u00ebr t\u00eb [&hellip;]<\/p>\n","protected":false},"author":0,"featured_media":0,"comment_status":"open","ping_status":"open","sticky":false,"template":"","format":"standard","meta":{"footnotes":""},"categories":[1],"tags":[],"class_list":["post-81261","post","type-post","status-publish","format-standard","hentry","category-uncategorized"],"_links":{"self":[{"href":"https:\/\/zennihost.com\/test\/wp-json\/wp\/v2\/posts\/81261","targetHints":{"allow":["GET"]}}],"collection":[{"href":"https:\/\/zennihost.com\/test\/wp-json\/wp\/v2\/posts"}],"about":[{"href":"https:\/\/zennihost.com\/test\/wp-json\/wp\/v2\/types\/post"}],"replies":[{"embeddable":true,"href":"https:\/\/zennihost.com\/test\/wp-json\/wp\/v2\/comments?post=81261"}],"version-history":[{"count":0,"href":"https:\/\/zennihost.com\/test\/wp-json\/wp\/v2\/posts\/81261\/revisions"}],"wp:attachment":[{"href":"https:\/\/zennihost.com\/test\/wp-json\/wp\/v2\/media?parent=81261"}],"wp:term":[{"taxonomy":"category","embeddable":true,"href":"https:\/\/zennihost.com\/test\/wp-json\/wp\/v2\/categories?post=81261"},{"taxonomy":"post_tag","embeddable":true,"href":"https:\/\/zennihost.com\/test\/wp-json\/wp\/v2\/tags?post=81261"}],"curies":[{"name":"wp","href":"https:\/\/api.w.org\/{rel}","templated":true}]}}