{"id":81259,"date":"2026-04-10T18:48:36","date_gmt":"2026-04-10T18:48:36","guid":{"rendered":"https:\/\/zennihost.com\/test\/2026\/04\/10\/partia-e-sanaderit-modeli-kroat-qe-mund-te-shpetonte-pd-ne\/"},"modified":"2026-04-10T18:48:36","modified_gmt":"2026-04-10T18:48:36","slug":"partia-e-sanaderit-modeli-kroat-qe-mund-te-shpetonte-pd-ne","status":"publish","type":"post","link":"https:\/\/zennihost.com\/test\/2026\/04\/10\/partia-e-sanaderit-modeli-kroat-qe-mund-te-shpetonte-pd-ne\/","title":{"rendered":"Partia e Sanaderit, modeli kroat q\u00eb mund t\u00eb shp\u00ebtonte PD-n\u00eb"},"content":{"rendered":"<p>Nga Ylli Pata<\/p>\n<p>HDZ-Hrvatska Demokratska Zajednica-alias Lidhja Demokratike e Kroacis\u00eb \u00ebsht\u00eb forca politike ikonike pas rr\u00ebzimit t\u00eb Murit t\u00eb Berlinit n\u00eb vendin e saj.<\/p>\n<p>\u00cbsht\u00eb partia e par\u00eb antikomuniste e vendit, si PD-ja jon\u00eb. \u00cbsht\u00eb partia e par\u00eb q\u00eb fitoi zgjedhjet e para pluraliste t\u00eb vendit, si PD-ja jon\u00eb. \u00cbsht\u00eb partia q\u00eb udh\u00ebhoqi luft\u00ebn p\u00ebr pavar\u00ebsi t\u00eb vendit dhe q\u00eb pati lider t\u00eb saj nj\u00eb figur\u00eb epike; partizan antifashist, dissident antikomunist, e m\u00eb pas lider politik i qendr\u00ebs s\u00eb djatht\u00eb q\u00eb pavar\u00ebsoi Kroacin\u00eb, pas nj\u00eb politike t\u00eb vrullshme kontraversale, por n\u00eb fund t\u00eb suksesshme. Autoritar dhe popullor, gjenerali me doktoratur\u00eb si historian pasi i dha vendit t\u00eb tij pavar\u00ebsiin\u00eb dhe e atashoi n\u00eb Per\u00ebndim dhe partis\u00eb s\u00eb tij lavdis\u00eb, u nda nga jeta m\u00eb 10 dhjetor 1999.<\/p>\n<p>Modeli kroat i HDZ-s\u00eb \u00ebsht\u00eb shembulli i kund\u00ebrt se ikja e nj\u00eb figure aq t\u00eb fuqishme e popullore mund t\u00eb bllokoj\u00eb politik\u00ebn me hijen e tij.<\/p>\n<p>Pas Tugjmanit, HDZ jo vet\u00ebm nuk u rrudh, \u00e7\u2019ka ndodh n\u00eb l\u00ebvizjet ku gropa q\u00eb hap nj\u00eb lider autoritar nuk mbyllet, por vijon t\u00eb jet\u00eb dhe sot e k\u00ebsaj dite fuqia politike dhe qeveris\u00ebse e vendit.<\/p>\n<p>Duke kaluar pengesa dhe hendeqe nga m\u00eb t\u00eb m\u00ebdhat\u00eb, drama nga m\u00eb t\u00eb r\u00ebndat, p\u00ebrplasje nga m\u00eb t\u00eb fortat. Por, modeli politik i vizionin mbi personin ka krijuar nj\u00eb model suksesi n\u00eb rajonin ton\u00eb.<\/p>\n<p>HDZ \u00ebsht\u00eb partia e t\u00eb famshmit Ivo Sanader, ish-kryeministrit kroat, i cili hapi i pari n\u00eb Ballkanin ton\u00eb, siparin e mbylljes s\u00eb pand\u00ebshkueshm\u00ebris\u00eb si pasoj\u00eb e veprimit t\u00eb nj\u00eb prokurorie speciale. USOK quhet SPAK-u kroat q\u00eb arrestoi Ivo Sanaderin, liderin popullor t\u00eb HDZ-s\u00eb, i cili pas Franjo Tugjmanit ishte i pari q\u00eb fitoi dy mandate rresht n\u00eb zgjedhjet parlamentare t\u00eb vendit t\u00eb tij.<\/p>\n<p>Drama e Sanaderit ishte goditje e madhe p\u00ebr partin\u00eb e par\u00eb antikomuniste kroate, por reagimi i par\u00eb i saj qe i fort\u00eb. Menj\u00ebher\u00eb solli n\u00eb krye t\u00eb partis\u00eb nj\u00eb grua, ministre t\u00eb Sanaderit. Jadranka Kosor, e cila \u00e7oi partin\u00eb n\u00eb nj\u00eb faz\u00eb t\u00eb re. Si t\u00eb vinte n\u00eb krye t\u00eb PD-s\u00eb, Majlinda Bregu q\u00eb ishte ministre e Sali Berish\u00ebs.<\/p>\n<p>Pas Kosorit, HDZ zgjodhi kryetar\u00eb Tomoslav Karamarkon, fitoi zgjedhjet presidenciale me Kolinda Grabar Kitaovi\u00e7, e m\u00eb pas mori qeverin\u00eb me kryeministrin Andrej Plenkovi\u00e7, i cili \u00ebsht\u00eb edhe sot e k\u00ebsaj dite kryeminist\u00ebr i vendit me 2 mandate, me gjas\u00eb p\u00ebr t\u00eb marr\u00eb t\u00eb tretin.<\/p>\n<p>Kroacia natyrisht \u00ebsht\u00eb nj\u00eb vend me tjet\u00ebr standard, me tjet\u00ebr nivel, jo m\u00eb kot \u00ebsht\u00eb pranuar n\u00eb BE n\u00eb 2012. N\u00eb t\u00eb gjitha treguesit \u00ebsht\u00eb mjaft m\u00eb mir\u00eb se vendet e Ballkanit Per\u00ebndimor, e pik\u00ebrisht p\u00ebr k\u00ebt\u00eb mund t\u00eb sh\u00ebrbej\u00eb si model, si nj\u00eb busull politike pse jo qoft\u00eb p\u00ebr t\u00eb majt\u00ebn e qoft\u00eb p\u00ebr t\u00eb djatht\u00ebn. Ku n\u00eb t\u00eb gjitha nivelet \u00ebsht\u00eb m\u00eb mir\u00eb\u2026<\/p>","protected":false},"excerpt":{"rendered":"<p>Nga Ylli Pata HDZ-Hrvatska Demokratska Zajednica-alias Lidhja Demokratike e Kroacis\u00eb \u00ebsht\u00eb forca politike ikonike pas rr\u00ebzimit t\u00eb Murit t\u00eb Berlinit n\u00eb vendin e saj. \u00cbsht\u00eb partia e par\u00eb antikomuniste e vendit, si PD-ja jon\u00eb. \u00cbsht\u00eb partia e par\u00eb q\u00eb fitoi zgjedhjet e para pluraliste t\u00eb vendit, si PD-ja jon\u00eb. \u00cbsht\u00eb partia q\u00eb udh\u00ebhoqi luft\u00ebn p\u00ebr [&hellip;]<\/p>\n","protected":false},"author":0,"featured_media":0,"comment_status":"open","ping_status":"open","sticky":false,"template":"","format":"standard","meta":{"footnotes":""},"categories":[1],"tags":[],"class_list":["post-81259","post","type-post","status-publish","format-standard","hentry","category-uncategorized"],"_links":{"self":[{"href":"https:\/\/zennihost.com\/test\/wp-json\/wp\/v2\/posts\/81259","targetHints":{"allow":["GET"]}}],"collection":[{"href":"https:\/\/zennihost.com\/test\/wp-json\/wp\/v2\/posts"}],"about":[{"href":"https:\/\/zennihost.com\/test\/wp-json\/wp\/v2\/types\/post"}],"replies":[{"embeddable":true,"href":"https:\/\/zennihost.com\/test\/wp-json\/wp\/v2\/comments?post=81259"}],"version-history":[{"count":0,"href":"https:\/\/zennihost.com\/test\/wp-json\/wp\/v2\/posts\/81259\/revisions"}],"wp:attachment":[{"href":"https:\/\/zennihost.com\/test\/wp-json\/wp\/v2\/media?parent=81259"}],"wp:term":[{"taxonomy":"category","embeddable":true,"href":"https:\/\/zennihost.com\/test\/wp-json\/wp\/v2\/categories?post=81259"},{"taxonomy":"post_tag","embeddable":true,"href":"https:\/\/zennihost.com\/test\/wp-json\/wp\/v2\/tags?post=81259"}],"curies":[{"name":"wp","href":"https:\/\/api.w.org\/{rel}","templated":true}]}}