{"id":81256,"date":"2026-04-10T18:48:33","date_gmt":"2026-04-10T18:48:33","guid":{"rendered":"https:\/\/zennihost.com\/test\/2026\/04\/10\/te-shtena-ne-nikel-viktima-dhe-autori-ishin-fqinj-detajet-e-para\/"},"modified":"2026-04-10T18:48:33","modified_gmt":"2026-04-10T18:48:33","slug":"te-shtena-ne-nikel-viktima-dhe-autori-ishin-fqinj-detajet-e-para","status":"publish","type":"post","link":"https:\/\/zennihost.com\/test\/2026\/04\/10\/te-shtena-ne-nikel-viktima-dhe-autori-ishin-fqinj-detajet-e-para\/","title":{"rendered":"T\u00eb sht\u00ebna n\u00eb Nik\u00ebl\/ Viktima dhe autori ishin fqinj, detajet e para"},"content":{"rendered":"<p>T\u00eb sht\u00ebna me arm\u00eb zjarri jan\u00eb raportuar pasditen e sotme n\u00eb Nik\u00ebl t\u00eb Fush\u00eb-Kruj\u00ebs. Nga t\u00eb sht\u00ebnat me arm\u00eb zjarri ka humbur jet\u00ebn nj\u00eb person, shtetasi Artur \u00c7angu.<\/p>\n<p>Ngjarja ka ndodhur pas nj\u00eb konflikti q\u00eb \u00c7angu kishte pasur me shtetasin Eduart Afmataj, me te ciin ishin fqinj. Ky i fundit e ka q\u00eblluar me arm\u00eb zjarri dhe e ka l\u00ebn\u00eb t\u00eb vdekur.<\/p>\n<p>M\u00ebsohet se ka qen\u00eb vet\u00eb autori ai q\u00eb ka njoftuar policin\u00eb.<\/p>\n<p><strong>Njoftimi i Policise:<\/strong><\/p>\n<p>\u201cRreth or\u00ebs 18:15, n\u00eb fshatin Vrion, Nik\u00ebl, dyshohet se shtetasi E. A, gjat\u00eb nj\u00eb konflikti p\u00ebr motive t\u00eb dob\u00ebta ka vrar\u00eb me arm\u00eb shtetasin A. C.<\/p>\n<p>Sh\u00ebrbimet e Policis\u00eb vijojn\u00eb kontrollet p\u00ebr kapjen e autorit t\u00eb dyshuar shtetasit E. A.<\/p>\n<p>Grupi hetimor ndodhet n\u00eb vendngjarje dhe punon p\u00ebr sqarimin e plot\u00eb e rrethanave t\u00eb rastit dhe dokumentimin e plot\u00eb ligjor t\u00eb tij\u201d-njofton policia.<\/p>\n<p><strong>gijotina.com\/<\/strong><\/p>\n<p>The post <a href=\"https:\/\/gijotina.com\/ngjarja-24\/\">T\u00eb sht\u00ebna n\u00eb Nik\u00ebl\/ Viktima dhe autori ishin fqinj, detajet e para<\/a> appeared first on <a href=\"https:\/\/gijotina.com\/\">GIJOTINA<\/a>.<\/p>","protected":false},"excerpt":{"rendered":"<p>T\u00eb sht\u00ebna me arm\u00eb zjarri jan\u00eb raportuar pasditen e sotme n\u00eb Nik\u00ebl t\u00eb Fush\u00eb-Kruj\u00ebs. Nga t\u00eb sht\u00ebnat me arm\u00eb zjarri ka humbur jet\u00ebn nj\u00eb person, shtetasi Artur \u00c7angu. Ngjarja ka ndodhur pas nj\u00eb konflikti q\u00eb \u00c7angu kishte pasur me shtetasin Eduart Afmataj, me te ciin ishin fqinj. Ky i fundit e ka q\u00eblluar me arm\u00eb [&hellip;]<\/p>\n","protected":false},"author":0,"featured_media":0,"comment_status":"open","ping_status":"open","sticky":false,"template":"","format":"standard","meta":{"footnotes":""},"categories":[1],"tags":[],"class_list":["post-81256","post","type-post","status-publish","format-standard","hentry","category-uncategorized"],"_links":{"self":[{"href":"https:\/\/zennihost.com\/test\/wp-json\/wp\/v2\/posts\/81256","targetHints":{"allow":["GET"]}}],"collection":[{"href":"https:\/\/zennihost.com\/test\/wp-json\/wp\/v2\/posts"}],"about":[{"href":"https:\/\/zennihost.com\/test\/wp-json\/wp\/v2\/types\/post"}],"replies":[{"embeddable":true,"href":"https:\/\/zennihost.com\/test\/wp-json\/wp\/v2\/comments?post=81256"}],"version-history":[{"count":0,"href":"https:\/\/zennihost.com\/test\/wp-json\/wp\/v2\/posts\/81256\/revisions"}],"wp:attachment":[{"href":"https:\/\/zennihost.com\/test\/wp-json\/wp\/v2\/media?parent=81256"}],"wp:term":[{"taxonomy":"category","embeddable":true,"href":"https:\/\/zennihost.com\/test\/wp-json\/wp\/v2\/categories?post=81256"},{"taxonomy":"post_tag","embeddable":true,"href":"https:\/\/zennihost.com\/test\/wp-json\/wp\/v2\/tags?post=81256"}],"curies":[{"name":"wp","href":"https:\/\/api.w.org\/{rel}","templated":true}]}}