{"id":81251,"date":"2026-04-10T18:48:31","date_gmt":"2026-04-10T18:48:31","guid":{"rendered":"https:\/\/zennihost.com\/test\/2026\/04\/10\/paqja-mund-te-vije-qe-sot-nese\/"},"modified":"2026-04-10T18:48:31","modified_gmt":"2026-04-10T18:48:31","slug":"paqja-mund-te-vije-qe-sot-nese","status":"publish","type":"post","link":"https:\/\/zennihost.com\/test\/2026\/04\/10\/paqja-mund-te-vije-qe-sot-nese\/","title":{"rendered":"Paqja mund t\u00eb vij\u00eb q\u00eb sot n\u00ebse\u2026 \u2013"},"content":{"rendered":"<div>\n<p>Kremlini ka sqaruar se arm\u00ebpushimi i Pashk\u00ebve i Rusis\u00eb \u00ebsht\u00eb nj\u00eb gjest humanitar, jo nj\u00eb z\u00ebvend\u00ebsim p\u00ebr nj\u00eb paqe t\u00eb q\u00ebndrueshme me Ukrain\u00ebn. Presidenti rus Vladimir Putin ka urdh\u00ebruar nd\u00ebrprerjen e armiq\u00ebsive nga e shtuna pasdite deri t\u00eb diel\u00ebn.<\/p>\n<div class=\"ai-viewport-2 ai-viewport-3\">\n<p>\u201cNe nuk duam nj\u00eb arm\u00ebpushim, por nj\u00eb paqe t\u00eb q\u00ebndrueshme dhe t\u00eb q\u00ebndrueshme\u201d, u tha gazetar\u00ebve t\u00eb premten z\u00ebdh\u00ebn\u00ebsi i Kremlinit, Dmitry Peskov. \u201cDhe kjo paqe mund t\u00eb vij\u00eb sot, n\u00ebse\u00a0 Zelensky merr p\u00ebrgjegj\u00ebsin\u00eb dhe merr vendimin e duhur\u201d, shtoi Peskov, duke iu referuar k\u00ebrkesave t\u00eb p\u00ebrs\u00ebritura t\u00eb Mosk\u00ebs q\u00eb Kievi t\u00eb t\u00ebrheq\u00eb forcat e tij nga rajoni Donbas.<\/p>\n<\/div>\n<p>Putin njoftoi arm\u00ebpushimin e nj\u00ebansh\u00ebm t\u00eb Pashk\u00ebve t\u00eb enjten, duke urdh\u00ebruar trupat ruse t\u00eb nd\u00ebrpresin operacionet ofensive nga ora 16:00 sipas koh\u00ebs s\u00eb Mosk\u00ebs m\u00eb 11 prill deri n\u00eb fund t\u00eb 12 prillit. Ministria e Mbrojtjes \u00ebsht\u00eb udh\u00ebzuar t\u00eb ruaj\u00eb gatishm\u00ebrin\u00eb p\u00ebr t\u00eb sprapsur \u00e7do provokim ukrainas.<\/p>\n<div class=\"ai-viewport-2 ai-viewport-3\">\n<p>\u201cNe presim q\u00eb pala ukrainase t\u00eb ndjek\u00eb shembullin e Rusis\u00eb\u201d, tha Kremlini.<\/p>\n<p><strong>gijotina.com\/<\/strong><\/p>\n<\/div>\n<p><!-- CONTENT END 2 --><\/p>\n<\/div>","protected":false},"excerpt":{"rendered":"<p>Kremlini ka sqaruar se arm\u00ebpushimi i Pashk\u00ebve i Rusis\u00eb \u00ebsht\u00eb nj\u00eb gjest humanitar, jo nj\u00eb z\u00ebvend\u00ebsim p\u00ebr nj\u00eb paqe t\u00eb q\u00ebndrueshme me Ukrain\u00ebn. Presidenti rus Vladimir Putin ka urdh\u00ebruar nd\u00ebrprerjen e armiq\u00ebsive nga e shtuna pasdite deri t\u00eb diel\u00ebn. \u201cNe nuk duam nj\u00eb arm\u00ebpushim, por nj\u00eb paqe t\u00eb q\u00ebndrueshme dhe t\u00eb q\u00ebndrueshme\u201d, u tha gazetar\u00ebve [&hellip;]<\/p>\n","protected":false},"author":0,"featured_media":0,"comment_status":"open","ping_status":"open","sticky":false,"template":"","format":"standard","meta":{"footnotes":""},"categories":[1],"tags":[],"class_list":["post-81251","post","type-post","status-publish","format-standard","hentry","category-uncategorized"],"_links":{"self":[{"href":"https:\/\/zennihost.com\/test\/wp-json\/wp\/v2\/posts\/81251","targetHints":{"allow":["GET"]}}],"collection":[{"href":"https:\/\/zennihost.com\/test\/wp-json\/wp\/v2\/posts"}],"about":[{"href":"https:\/\/zennihost.com\/test\/wp-json\/wp\/v2\/types\/post"}],"replies":[{"embeddable":true,"href":"https:\/\/zennihost.com\/test\/wp-json\/wp\/v2\/comments?post=81251"}],"version-history":[{"count":0,"href":"https:\/\/zennihost.com\/test\/wp-json\/wp\/v2\/posts\/81251\/revisions"}],"wp:attachment":[{"href":"https:\/\/zennihost.com\/test\/wp-json\/wp\/v2\/media?parent=81251"}],"wp:term":[{"taxonomy":"category","embeddable":true,"href":"https:\/\/zennihost.com\/test\/wp-json\/wp\/v2\/categories?post=81251"},{"taxonomy":"post_tag","embeddable":true,"href":"https:\/\/zennihost.com\/test\/wp-json\/wp\/v2\/tags?post=81251"}],"curies":[{"name":"wp","href":"https:\/\/api.w.org\/{rel}","templated":true}]}}