{"id":81250,"date":"2026-04-10T18:48:31","date_gmt":"2026-04-10T18:48:31","guid":{"rendered":"https:\/\/zennihost.com\/test\/2026\/04\/10\/trupi-i-pajete-u-gjet-ne-kodrat-e-nikles-ky-eshte-artur-cangu-u-qellua-me-arme-zjarri\/"},"modified":"2026-04-10T18:48:31","modified_gmt":"2026-04-10T18:48:31","slug":"trupi-i-pajete-u-gjet-ne-kodrat-e-nikles-ky-eshte-artur-cangu-u-qellua-me-arme-zjarri","status":"publish","type":"post","link":"https:\/\/zennihost.com\/test\/2026\/04\/10\/trupi-i-pajete-u-gjet-ne-kodrat-e-nikles-ky-eshte-artur-cangu-u-qellua-me-arme-zjarri\/","title":{"rendered":"Trupi i pajet\u00eb u gjet n\u00eb kodrat e Nikl\u00ebs, ky \u00ebsht\u00eb Artur \u00c7angu, u q\u00ebllua me arm\u00eb zjarri \u2013"},"content":{"rendered":"<div>\n<p>Kjo eshte fotoja e Artur \u00c7angut, viktim\u00ebs s\u00eb ngjarjes t\u00eb ndodhur pak m\u00eb par\u00eb n\u00eb Nik\u00ebl.<\/p>\n<div class=\"ai-viewport-2 ai-viewport-3\">\n<p>Sipas informacioneve paraprake, autori i dyshuar i ngjarjes \u00ebsht\u00eb shtetasi Eduart Afmataj.<\/p>\n<\/div>\n<p>Njoftimi i Policise:<\/p>\n<p>Kruj\u00eb\/Informacion paraprak<\/p>\n<div class=\"ai-viewport-2 ai-viewport-3\">\n<p>Rreth or\u00ebs 18:15, n\u00eb fshatin Vrion, Nik\u00ebl, dyshohet se shtetasi E. A, gjat\u00eb nj\u00eb konflikti p\u00ebr motive t\u00eb dob\u00ebta ka vrar\u00eb me arm\u00eb shtetasin A. C.<\/p>\n<\/div>\n<div>Sh\u00ebrbimet e Policis\u00eb vijojn\u00eb kontrollet p\u00ebr kapjen e autorit t\u00eb dyshuar shtetasit E. A. Grupi hetimor ndodhet n\u00eb vendngjarje dhe punon p\u00ebr sqarimin e plot\u00eb e rrethanave t\u00eb rastit dhe dokumentimin e plot\u00eb ligjor t\u00eb tij.<\/div>\n<p><strong>gijotina.com\/<\/strong><\/p>\n<p>\u00a0<\/p>\n<p><!-- CONTENT END 2 --><\/p>\n<\/div>","protected":false},"excerpt":{"rendered":"<p>Kjo eshte fotoja e Artur \u00c7angut, viktim\u00ebs s\u00eb ngjarjes t\u00eb ndodhur pak m\u00eb par\u00eb n\u00eb Nik\u00ebl. Sipas informacioneve paraprake, autori i dyshuar i ngjarjes \u00ebsht\u00eb shtetasi Eduart Afmataj. Njoftimi i Policise: Kruj\u00eb\/Informacion paraprak Rreth or\u00ebs 18:15, n\u00eb fshatin Vrion, Nik\u00ebl, dyshohet se shtetasi E. A, gjat\u00eb nj\u00eb konflikti p\u00ebr motive t\u00eb dob\u00ebta ka vrar\u00eb me [&hellip;]<\/p>\n","protected":false},"author":0,"featured_media":0,"comment_status":"open","ping_status":"open","sticky":false,"template":"","format":"standard","meta":{"footnotes":""},"categories":[1],"tags":[],"class_list":["post-81250","post","type-post","status-publish","format-standard","hentry","category-uncategorized"],"_links":{"self":[{"href":"https:\/\/zennihost.com\/test\/wp-json\/wp\/v2\/posts\/81250","targetHints":{"allow":["GET"]}}],"collection":[{"href":"https:\/\/zennihost.com\/test\/wp-json\/wp\/v2\/posts"}],"about":[{"href":"https:\/\/zennihost.com\/test\/wp-json\/wp\/v2\/types\/post"}],"replies":[{"embeddable":true,"href":"https:\/\/zennihost.com\/test\/wp-json\/wp\/v2\/comments?post=81250"}],"version-history":[{"count":0,"href":"https:\/\/zennihost.com\/test\/wp-json\/wp\/v2\/posts\/81250\/revisions"}],"wp:attachment":[{"href":"https:\/\/zennihost.com\/test\/wp-json\/wp\/v2\/media?parent=81250"}],"wp:term":[{"taxonomy":"category","embeddable":true,"href":"https:\/\/zennihost.com\/test\/wp-json\/wp\/v2\/categories?post=81250"},{"taxonomy":"post_tag","embeddable":true,"href":"https:\/\/zennihost.com\/test\/wp-json\/wp\/v2\/tags?post=81250"}],"curies":[{"name":"wp","href":"https:\/\/api.w.org\/{rel}","templated":true}]}}