{"id":81246,"date":"2026-04-10T17:48:17","date_gmt":"2026-04-10T17:48:17","guid":{"rendered":"https:\/\/zennihost.com\/test\/2026\/04\/10\/roberti-dhe-nora-kthehen-serish-bashke\/"},"modified":"2026-04-10T17:48:17","modified_gmt":"2026-04-10T17:48:17","slug":"roberti-dhe-nora-kthehen-serish-bashke","status":"publish","type":"post","link":"https:\/\/zennihost.com\/test\/2026\/04\/10\/roberti-dhe-nora-kthehen-serish-bashke\/","title":{"rendered":"Roberti dhe Nora kthehen s\u00ebrish bashk\u00eb?"},"content":{"rendered":"<p>K\u00ebng\u00ebtar\u00ebt e njohur Nora Istrefi dhe Robert Berisha jan\u00eb rikthyer s\u00ebrish n\u00eb qend\u00ebr t\u00eb v\u00ebmendjes s\u00eb mediave roz\u00eb, pasi jan\u00eb par\u00eb s\u00eb bashku n\u00eb nj\u00eb dark\u00eb n\u00eb Zvic\u00ebr, n\u00eb shoq\u00ebrin\u00eb e nj\u00eb miku t\u00eb p\u00ebrbashk\u00ebt.<\/p>\n<p>Dyshja ka kaluar nj\u00eb mbr\u00ebmje t\u00eb qet\u00eb n\u00eb nj\u00eb restorant, ku jan\u00eb fotografuar duke u dukur t\u00eb relaksuar dhe n\u00eb humor t\u00eb mir\u00eb. Pamjet e tyre kan\u00eb ngjallur menj\u00ebher\u00eb reagime n\u00eb rrjet, duke rikthyer diskutimet mbi raportin mes tyre pas ndarjes.<\/p>\n<p>Nora Istrefi dhe Robert Berisha i dhan\u00eb fund martes\u00ebs disa vite m\u00eb par\u00eb, por vazhdojn\u00eb t\u00eb ken\u00eb nj\u00eb lidhje t\u00eb p\u00ebrhershme si prind\u00ebr t\u00eb vajz\u00ebs s\u00eb tyre, Renee. Pavar\u00ebsisht ndarjes, ata jan\u00eb par\u00eb her\u00eb pas here n\u00eb ambiente t\u00eb p\u00ebrbashk\u00ebta, kryesisht n\u00eb ngjarje familjare ose takime q\u00eb lidhen me vajz\u00ebn e tyre.<\/p>\n<p>Kjo dalje e fundit n\u00eb Zvic\u00ebr ka b\u00ebr\u00eb q\u00eb fansat t\u00eb spekulojn\u00eb n\u00ebse mes tyre mund t\u00eb ket\u00eb nj\u00eb afrimitet t\u00eb ri apo thjesht b\u00ebhet fjal\u00eb p\u00ebr nj\u00eb marr\u00ebdh\u00ebnie t\u00eb mir\u00ebpranuar dhe t\u00eb qet\u00eb pas ndarjes. Deri tani, asnj\u00ebri prej tyre nuk ka dh\u00ebn\u00eb nj\u00eb deklarat\u00eb publike lidhur me k\u00ebto z\u00ebra.<\/p>\n<p>Megjithat\u00eb, fakti q\u00eb ata shfaqen t\u00eb buz\u00ebqeshur dhe n\u00eb shoq\u00ebri t\u00eb mir\u00eb ka mjaftuar p\u00ebr t\u00eb ndezur kuriozitetin e publikut, i cili prej koh\u00ebsh ndjek me interes raportin e tyre.<\/p>\n<p>N\u00ebse b\u00ebhet fjal\u00eb p\u00ebr nj\u00eb ribashkim apo thjesht nj\u00eb miq\u00ebsi t\u00eb q\u00ebndrueshme pas ndarjes, kjo mbetet ende p\u00ebr t\u2019u par\u00eb n\u00eb dit\u00ebt n\u00eb vijim.<\/p>","protected":false},"excerpt":{"rendered":"<p>K\u00ebng\u00ebtar\u00ebt e njohur Nora Istrefi dhe Robert Berisha jan\u00eb rikthyer s\u00ebrish n\u00eb qend\u00ebr t\u00eb v\u00ebmendjes s\u00eb mediave roz\u00eb, pasi jan\u00eb par\u00eb s\u00eb bashku n\u00eb nj\u00eb dark\u00eb n\u00eb Zvic\u00ebr, n\u00eb shoq\u00ebrin\u00eb e nj\u00eb miku t\u00eb p\u00ebrbashk\u00ebt. Dyshja ka kaluar nj\u00eb mbr\u00ebmje t\u00eb qet\u00eb n\u00eb nj\u00eb restorant, ku jan\u00eb fotografuar duke u dukur t\u00eb relaksuar dhe n\u00eb [&hellip;]<\/p>\n","protected":false},"author":0,"featured_media":0,"comment_status":"open","ping_status":"open","sticky":false,"template":"","format":"standard","meta":{"footnotes":""},"categories":[1],"tags":[],"class_list":["post-81246","post","type-post","status-publish","format-standard","hentry","category-uncategorized"],"_links":{"self":[{"href":"https:\/\/zennihost.com\/test\/wp-json\/wp\/v2\/posts\/81246","targetHints":{"allow":["GET"]}}],"collection":[{"href":"https:\/\/zennihost.com\/test\/wp-json\/wp\/v2\/posts"}],"about":[{"href":"https:\/\/zennihost.com\/test\/wp-json\/wp\/v2\/types\/post"}],"replies":[{"embeddable":true,"href":"https:\/\/zennihost.com\/test\/wp-json\/wp\/v2\/comments?post=81246"}],"version-history":[{"count":0,"href":"https:\/\/zennihost.com\/test\/wp-json\/wp\/v2\/posts\/81246\/revisions"}],"wp:attachment":[{"href":"https:\/\/zennihost.com\/test\/wp-json\/wp\/v2\/media?parent=81246"}],"wp:term":[{"taxonomy":"category","embeddable":true,"href":"https:\/\/zennihost.com\/test\/wp-json\/wp\/v2\/categories?post=81246"},{"taxonomy":"post_tag","embeddable":true,"href":"https:\/\/zennihost.com\/test\/wp-json\/wp\/v2\/tags?post=81246"}],"curies":[{"name":"wp","href":"https:\/\/api.w.org\/{rel}","templated":true}]}}