{"id":81245,"date":"2026-04-10T17:48:16","date_gmt":"2026-04-10T17:48:16","guid":{"rendered":"https:\/\/zennihost.com\/test\/2026\/04\/10\/e-premtja-e-madhe-qindra-besimtare-ortodokse-ne-katedralen-ngjallja-e-krishtit-per-sherbesen-e-vajtimeve\/"},"modified":"2026-04-10T17:48:16","modified_gmt":"2026-04-10T17:48:16","slug":"e-premtja-e-madhe-qindra-besimtare-ortodokse-ne-katedralen-ngjallja-e-krishtit-per-sherbesen-e-vajtimeve","status":"publish","type":"post","link":"https:\/\/zennihost.com\/test\/2026\/04\/10\/e-premtja-e-madhe-qindra-besimtare-ortodokse-ne-katedralen-ngjallja-e-krishtit-per-sherbesen-e-vajtimeve\/","title":{"rendered":"\u201cE Premtja e Madhe\u201d, qindra besimtar\u00eb ortodoks\u00eb n\u00eb Katedralen Ngjallja e Krishtit p\u00ebr Sh\u00ebrbes\u00ebn e Vajtimeve"},"content":{"rendered":"<p>K\u00ebt\u00eb t\u00eb premte qindra besimtar\u00eb jan\u00eb mbledhur p\u00ebr t\u2019u lutur n\u00eb Katedralen Ngjallja e Krishtit n\u00eb Tiran\u00eb p\u00ebr kremtimin e s\u00eb \u201cPremtes s\u00eb Madhe\u201d. Besimtar\u00ebt t\u00eb shoq\u00ebruar nga familjar\u00ebt kan\u00eb shkuar n\u00eb Katedrale ku do t\u00eb mbahet Sh\u00ebrbesa e Vajtimeve.<\/p>\n<p>Ata gjithashtu kan\u00eb ndezur qirinj\u00eb dhe luten n\u00eb k\u00ebt\u00eb t\u00eb \u201cPremte t\u00eb Madhe\u201d q\u00eb simbolizon vdekjen e Jezu Krishtit. Gjithashtu n\u00eb or\u00ebn 19:30 do t\u00eb kryhet Dalja e Epitafit nga Katedralja e Ngjalljes s\u00eb Krishtit, drejt sheshit Sk\u00ebnderbe.<\/p>\n<p>T\u00eb Shtun\u00ebn e Madhe, sh\u00ebrbesa e mbr\u00ebmjes nis n\u00eb or\u00ebn 23:00 dhe Sh\u00ebrbesa e Ngjalljes nis n\u00eb or\u00ebn 23:30, n\u00eb Katedralen Ngjallja e Krishtit. Besimtar\u00ebt me pas t\u00eb Diel\u00ebn e Pashk\u00ebs festojn\u00eb ringjalljen e Krishtit.<\/p>","protected":false},"excerpt":{"rendered":"<p>K\u00ebt\u00eb t\u00eb premte qindra besimtar\u00eb jan\u00eb mbledhur p\u00ebr t\u2019u lutur n\u00eb Katedralen Ngjallja e Krishtit n\u00eb Tiran\u00eb p\u00ebr kremtimin e s\u00eb \u201cPremtes s\u00eb Madhe\u201d. Besimtar\u00ebt t\u00eb shoq\u00ebruar nga familjar\u00ebt kan\u00eb shkuar n\u00eb Katedrale ku do t\u00eb mbahet Sh\u00ebrbesa e Vajtimeve. Ata gjithashtu kan\u00eb ndezur qirinj\u00eb dhe luten n\u00eb k\u00ebt\u00eb t\u00eb \u201cPremte t\u00eb Madhe\u201d q\u00eb simbolizon [&hellip;]<\/p>\n","protected":false},"author":0,"featured_media":0,"comment_status":"open","ping_status":"open","sticky":false,"template":"","format":"standard","meta":{"footnotes":""},"categories":[1],"tags":[],"class_list":["post-81245","post","type-post","status-publish","format-standard","hentry","category-uncategorized"],"_links":{"self":[{"href":"https:\/\/zennihost.com\/test\/wp-json\/wp\/v2\/posts\/81245","targetHints":{"allow":["GET"]}}],"collection":[{"href":"https:\/\/zennihost.com\/test\/wp-json\/wp\/v2\/posts"}],"about":[{"href":"https:\/\/zennihost.com\/test\/wp-json\/wp\/v2\/types\/post"}],"replies":[{"embeddable":true,"href":"https:\/\/zennihost.com\/test\/wp-json\/wp\/v2\/comments?post=81245"}],"version-history":[{"count":0,"href":"https:\/\/zennihost.com\/test\/wp-json\/wp\/v2\/posts\/81245\/revisions"}],"wp:attachment":[{"href":"https:\/\/zennihost.com\/test\/wp-json\/wp\/v2\/media?parent=81245"}],"wp:term":[{"taxonomy":"category","embeddable":true,"href":"https:\/\/zennihost.com\/test\/wp-json\/wp\/v2\/categories?post=81245"},{"taxonomy":"post_tag","embeddable":true,"href":"https:\/\/zennihost.com\/test\/wp-json\/wp\/v2\/tags?post=81245"}],"curies":[{"name":"wp","href":"https:\/\/api.w.org\/{rel}","templated":true}]}}