{"id":81244,"date":"2026-04-10T17:48:16","date_gmt":"2026-04-10T17:48:16","guid":{"rendered":"https:\/\/zennihost.com\/test\/2026\/04\/10\/per-ata-qe-24-ore-shajne-cdo-vlere-te-kombit-shqiptar-dhe-bejne-thirrje-per-hakmarrje\/"},"modified":"2026-04-10T17:48:16","modified_gmt":"2026-04-10T17:48:16","slug":"per-ata-qe-24-ore-shajne-cdo-vlere-te-kombit-shqiptar-dhe-bejne-thirrje-per-hakmarrje","status":"publish","type":"post","link":"https:\/\/zennihost.com\/test\/2026\/04\/10\/per-ata-qe-24-ore-shajne-cdo-vlere-te-kombit-shqiptar-dhe-bejne-thirrje-per-hakmarrje\/","title":{"rendered":"P\u00ebr ata q\u00eb 24 or\u00eb shajn\u00eb \u00e7do vler\u00eb t\u00eb kombit shqiptar dhe b\u00ebjn\u00eb thirrje p\u00ebr hakmarrje"},"content":{"rendered":"<p>Nga Enver Robelli<\/p>\n<p>24 or\u00eb pand\u00ebrprer\u00eb shajn\u00eb \u00e7do vler\u00eb t\u00eb kombit shqiptar, b\u00ebjn\u00eb thirrje p\u00ebr hakmarrje ndaj popujve t\u00eb tjer\u00eb, i quajn\u00eb t\u00eb ndyra kombet mike t\u00eb Kosov\u00ebs, vajtojn\u00eb pse Perandoria Osmane nuk erdhi n\u00eb viset shqiptare para vitit 1389, p\u00ebshtyjn\u00eb figur\u00ebn e Sk\u00ebnderbeut, shkojn\u00eb n\u00ebp\u00ebr xhami n\u00eb Zvic\u00ebr jo p\u00ebr t\u2019u falur me dinjitet, por p\u00ebr t\u2019u krekosur se pranuan dhurat\u00eb nj\u00eb vetur\u00eb n\u00eb vler\u00eb 100 mij\u00eb euro dhe nj\u00eb or\u00eb Rolex (gjoja p\u00ebr nd\u00ebrtimin e nj\u00eb xhamie), nj\u00ebkoh\u00ebsisht shtiren si modest\u00eb, i quajn\u00eb gjakpir\u00ebs popuj t\u00eb t\u00ebr\u00eb duke refuzuar t\u00eb m\u00ebsojn\u00eb kompleksitetin e konflikteve etnike, paushallizojn\u00eb pa asnj\u00eb ngurrim a prag etik, frik\u00ebsojn\u00eb njer\u00ebz labil\u00eb se n\u00ebse nuk bartin shami jan\u00eb \u201cnjer\u00ebz m\u00ebkatar\u00eb\u201d, kur populli zviceran ndalon burk\u00ebn antinjer\u00ebzore, thon\u00eb \u201cnuk jemi t\u00eb k\u00ebnaqur\u201d, postojn\u00eb or\u00eb e \u00e7ast pa\u00e7avura shkrimore duke lozur rolin e viktim\u00ebs ose duke u hequr si t\u00eb hapur, ftojn\u00eb n\u00eb Zvic\u00ebr imam\u00eb zhurmaxhinj t\u00eb cil\u00ebt keqp\u00ebrdorin fen\u00eb p\u00ebr agjenda ideologjike, n\u00ebp\u00ebrmjet t\u00eb cilave mallkojn\u00eb civilizimin per\u00ebndimor, por s\u2019p\u00ebrtojn\u00eb t\u00eb shkojn\u00eb edhe n\u00eb fshatin e fundit zviceran a gjerman, ku shohin nj\u00eb mund\u00ebsi p\u00ebr t\u00eb zhvatur ndonj\u00eb frang a euro dhe mbajtur ligj\u00ebrata ku predikohet izolimi, mbyllja, ve\u00e7imi nga bota p\u00ebrreth dhe identifikimi me ymetin abstrakt global mysliman. Brohoritjet p\u00ebr marshin e madh t\u00eb \u201cislamit global\u201d jehojn\u00eb n\u00ebp\u00ebr salla zvicerane, kuptohet me f\u00ebmij\u00eb t\u00eb mbuluar q\u00eb ende nuk e kan\u00eb m\u00ebsuar alfabetin.<\/p>\n<p>Ka edhe shum\u00eb e shum\u00eb anomali t\u00eb tjera, t\u00eb cilat do t\u00eb dalin n\u00eb sip\u00ebrfaqe n\u00eb t\u00eb ardhmen.<\/p>\n<p>Kjo \u00e7far\u00eb po ndodh n\u00eb disa shtresa t\u00eb m\u00ebrgat\u00ebs nuk ka t\u00eb b\u00ebj\u00eb me besim. Ka t\u00eb b\u00ebj\u00eb me agjenda politike q\u00eb inspirohen nga qarqe jasht\u00ebshqiptare. Andaj imam\u00ebt q\u00eb po u vjen m\u00ebrzi t\u00eb jen\u00eb shqiptar\u00eb, kan\u00eb nisur ta ndryshojn\u00eb edhe gjuh\u00ebn, sepse shqiptarin\u00eb e shohin si ngarkes\u00eb dhe Per\u00ebndimin vet\u00ebm si areal p\u00ebrfitimi.<\/p>\n<p>I drejtohen nj\u00ebri-tjetrit me \u201cefendi\u201d e \u201cshejh\u201d, toponimin Turqi nuk e p\u00ebrdorin, por Turkije, se mendojn\u00eb q\u00eb ndokush n\u00eb Turqi ua shkruan k\u00ebt\u00eb si vep\u00ebr t\u00eb madhe (e nuk e kuptojn\u00eb q\u00eb shumica e turqve vet\u00ebm mund t\u00eb tallen me k\u00ebt\u00eb serviliz\u00ebm t\u00eb papar\u00eb).<\/p>\n<p>Nd\u00ebrkoh\u00eb, mes m\u00eb t\u00eb dobt\u00ebve, nx\u00ebn\u00ebsit shqiptar\u00eb n\u00eb Zvic\u00ebr jan\u00eb m\u00eb t\u00eb dob\u00ebtit. N\u00eb pothuaj \u00e7do gjimnaz mes 700 nx\u00ebn\u00ebsve s\u2019i gjen as 7 shqiptar\u00eb.<\/p>\n<p>Ky \u00ebsht\u00eb rezultati i akulturimit shum\u00ebvje\u00e7ar, i regresit mental, i pap\u00ebrgjegj\u00ebsis\u00eb s\u00eb shum\u00eb prind\u00ebrve, i pavendosm\u00ebris\u00eb identitare dhe premtimeve p\u00ebr parajs\u00eb. \u00c7do premtim p\u00ebrtej bote, kushton. Dhe paguhet: me injoranc\u00eb.<\/p>\n<p>Ideolog\u00ebt q\u00eb q\u00ebndrojm\u00eb pas injoranc\u00ebs nuk p\u00ebrfaq\u00ebsojn\u00eb shumic\u00ebn, fatmir\u00ebsisht, por jan\u00eb nj\u00eb pakic\u00eb e rrezikshme. P\u00ebrve\u00e7 ideologji fetare, ky \u00ebsht\u00eb edhe biznes. Dhe kush shtron pyetje kritike p\u00ebr k\u00ebt\u00eb biznes, do t\u00eb goditet brutalisht nga milicia e sheriatit digjital.<\/p>","protected":false},"excerpt":{"rendered":"<p>Nga Enver Robelli 24 or\u00eb pand\u00ebrprer\u00eb shajn\u00eb \u00e7do vler\u00eb t\u00eb kombit shqiptar, b\u00ebjn\u00eb thirrje p\u00ebr hakmarrje ndaj popujve t\u00eb tjer\u00eb, i quajn\u00eb t\u00eb ndyra kombet mike t\u00eb Kosov\u00ebs, vajtojn\u00eb pse Perandoria Osmane nuk erdhi n\u00eb viset shqiptare para vitit 1389, p\u00ebshtyjn\u00eb figur\u00ebn e Sk\u00ebnderbeut, shkojn\u00eb n\u00ebp\u00ebr xhami n\u00eb Zvic\u00ebr jo p\u00ebr t\u2019u falur me dinjitet, [&hellip;]<\/p>\n","protected":false},"author":0,"featured_media":0,"comment_status":"open","ping_status":"open","sticky":false,"template":"","format":"standard","meta":{"footnotes":""},"categories":[1],"tags":[],"class_list":["post-81244","post","type-post","status-publish","format-standard","hentry","category-uncategorized"],"_links":{"self":[{"href":"https:\/\/zennihost.com\/test\/wp-json\/wp\/v2\/posts\/81244","targetHints":{"allow":["GET"]}}],"collection":[{"href":"https:\/\/zennihost.com\/test\/wp-json\/wp\/v2\/posts"}],"about":[{"href":"https:\/\/zennihost.com\/test\/wp-json\/wp\/v2\/types\/post"}],"replies":[{"embeddable":true,"href":"https:\/\/zennihost.com\/test\/wp-json\/wp\/v2\/comments?post=81244"}],"version-history":[{"count":0,"href":"https:\/\/zennihost.com\/test\/wp-json\/wp\/v2\/posts\/81244\/revisions"}],"wp:attachment":[{"href":"https:\/\/zennihost.com\/test\/wp-json\/wp\/v2\/media?parent=81244"}],"wp:term":[{"taxonomy":"category","embeddable":true,"href":"https:\/\/zennihost.com\/test\/wp-json\/wp\/v2\/categories?post=81244"},{"taxonomy":"post_tag","embeddable":true,"href":"https:\/\/zennihost.com\/test\/wp-json\/wp\/v2\/tags?post=81244"}],"curies":[{"name":"wp","href":"https:\/\/api.w.org\/{rel}","templated":true}]}}