{"id":81243,"date":"2026-04-10T17:48:16","date_gmt":"2026-04-10T17:48:16","guid":{"rendered":"https:\/\/zennihost.com\/test\/2026\/04\/10\/porta-e-alpeve-miratohet-projekti-me-vlere-100-milione-euro-per-shkodren\/"},"modified":"2026-04-10T17:48:16","modified_gmt":"2026-04-10T17:48:16","slug":"porta-e-alpeve-miratohet-projekti-me-vlere-100-milione-euro-per-shkodren","status":"publish","type":"post","link":"https:\/\/zennihost.com\/test\/2026\/04\/10\/porta-e-alpeve-miratohet-projekti-me-vlere-100-milione-euro-per-shkodren\/","title":{"rendered":"\u201cPorta e Alpeve\u201d, miratohet projekti me vler\u00eb 100 milion\u00eb euro p\u00ebr Shkodr\u00ebn"},"content":{"rendered":"<p>Nj\u00eb projekt i ri \u00ebsht\u00eb miratuar p\u00ebr Qarkun e Shkodr\u00ebs n\u00eb mbledhjen e K\u00ebshillit t\u00eb Ministrave i quajtur \u201cPorta e Alpeve\u201d. Ministri Infrastruktur\u00ebs dhe Energjis\u00eb Enea Karaka\u00e7i njoftoi se 100 milion\u00eb euro do t\u00eb p\u00ebrdoren p\u00ebr nj\u00eb s\u00ebr\u00eb investimesh n\u00eb infrastruktur\u00eb e transport me q\u00ebllimin p\u00ebr t\u00eb krijuar nj\u00eb korridor mes Alpeve dhe Adriatiku<\/p>\n<p>Enea Karaka\u00e7i, minist\u00ebr i Infrastruktur\u00ebs dhe Energjis\u00eb, u shpreh:  \u201c\u00c7far\u00eb konsiston? Programi dhe marr\u00ebveshja ka disa komponent\u00eb, ku komponenti i par\u00eb ka t\u00eb b\u00ebj\u00eb me rehabilitimin e shesheve urbane, rikonstruksionin e bulevardeve dhe qendrave multifunksionale, duke i dh\u00ebn\u00eb hap\u00ebsira m\u00eb t\u00eb mira qytetar\u00ebve t\u00eb gjith\u00eb qarkut. Komponenti tjet\u00ebr ka t\u00eb b\u00ebj\u00eb me investime infrastrukturore n\u00eb akset q\u00eb lidhin bregdetin e Velipoj\u00ebs, liqenin e Shkodr\u00ebs, lumin e Bun\u00ebs dhe pjes\u00ebn e Mal\u00ebsis\u00eb s\u00eb Madhe dhe pjes\u00ebn e alpeve.  Gjysma e vler\u00ebs s\u00eb projektit do t\u00eb mb\u00ebshtetet nga Bashkimi Evropian, nd\u00ebrsa pjesa tjet\u00ebr nga buxheti i shtetit\u201d.<\/p>\n<p> \u201cSepse me an\u00eb t\u00eb k\u00ebsaj marr\u00ebveshje krijojm\u00eb p\u00ebr her\u00eb t\u00eb par\u00eb nj\u00eb korridor t\u00eb integruar midis alpeve dhe bregdetit Adriatik, duke krijuar k\u00ebshtu n\u00eb k\u00ebt\u00eb m\u00ebnyr\u00eb nj\u00eb mund\u00ebsi p\u00ebr t\u00eb patur nj\u00eb sezonalitet t\u00eb plot\u00eb turistik nga dimri n\u00eb ver\u00eb dhe duke q\u00ebndruar m\u00eb af\u00ebr qytetar\u00ebve dhe p\u00ebr t\u00eb p\u00ebrmir\u00ebsuar n\u00eb zhvillimin ekonomik t\u00eb gjith\u00eb qarkut Shkod\u00ebr, vijoi ai.<\/p>\n<p>Investime gjithashtu do t\u00eb ket\u00eb n\u00eb rrjetin e kanalizimeve dhe uj\u00ebsjell\u00ebsi, si dhe pjes\u00ebt q\u00eb lidhen me transportin urban, por edhe gjith\u00eb ato element\u00ebt turistike p\u00ebr menaxhimin e ndotjes urbane. <\/p>","protected":false},"excerpt":{"rendered":"<p>Nj\u00eb projekt i ri \u00ebsht\u00eb miratuar p\u00ebr Qarkun e Shkodr\u00ebs n\u00eb mbledhjen e K\u00ebshillit t\u00eb Ministrave i quajtur \u201cPorta e Alpeve\u201d. Ministri Infrastruktur\u00ebs dhe Energjis\u00eb Enea Karaka\u00e7i njoftoi se 100 milion\u00eb euro do t\u00eb p\u00ebrdoren p\u00ebr nj\u00eb s\u00ebr\u00eb investimesh n\u00eb infrastruktur\u00eb e transport me q\u00ebllimin p\u00ebr t\u00eb krijuar nj\u00eb korridor mes Alpeve dhe Adriatiku Enea [&hellip;]<\/p>\n","protected":false},"author":0,"featured_media":0,"comment_status":"open","ping_status":"open","sticky":false,"template":"","format":"standard","meta":{"footnotes":""},"categories":[1],"tags":[],"class_list":["post-81243","post","type-post","status-publish","format-standard","hentry","category-uncategorized"],"_links":{"self":[{"href":"https:\/\/zennihost.com\/test\/wp-json\/wp\/v2\/posts\/81243","targetHints":{"allow":["GET"]}}],"collection":[{"href":"https:\/\/zennihost.com\/test\/wp-json\/wp\/v2\/posts"}],"about":[{"href":"https:\/\/zennihost.com\/test\/wp-json\/wp\/v2\/types\/post"}],"replies":[{"embeddable":true,"href":"https:\/\/zennihost.com\/test\/wp-json\/wp\/v2\/comments?post=81243"}],"version-history":[{"count":0,"href":"https:\/\/zennihost.com\/test\/wp-json\/wp\/v2\/posts\/81243\/revisions"}],"wp:attachment":[{"href":"https:\/\/zennihost.com\/test\/wp-json\/wp\/v2\/media?parent=81243"}],"wp:term":[{"taxonomy":"category","embeddable":true,"href":"https:\/\/zennihost.com\/test\/wp-json\/wp\/v2\/categories?post=81243"},{"taxonomy":"post_tag","embeddable":true,"href":"https:\/\/zennihost.com\/test\/wp-json\/wp\/v2\/tags?post=81243"}],"curies":[{"name":"wp","href":"https:\/\/api.w.org\/{rel}","templated":true}]}}