{"id":47046,"date":"2025-10-17T16:05:41","date_gmt":"2025-10-17T16:05:41","guid":{"rendered":"https:\/\/zennihost.com\/test\/2025\/10\/17\/tirana-ne-kembe-per-clirimtaret-liria-ka-emer-uck\/"},"modified":"2025-10-17T16:05:41","modified_gmt":"2025-10-17T16:05:41","slug":"tirana-ne-kembe-per-clirimtaret-liria-ka-emer-uck","status":"publish","type":"post","link":"https:\/\/zennihost.com\/test\/2025\/10\/17\/tirana-ne-kembe-per-clirimtaret-liria-ka-emer-uck\/","title":{"rendered":"Tirana n\u00eb k\u00ebmb\u00eb p\u00ebr \u00e7lirimtar\u00ebt- Liria ka em\u00ebr, U\u00c7K!"},"content":{"rendered":"<p>N\u00eb Sheshin \u201cSk\u00ebnderbe\u201d t\u00eb Tiran\u00ebs ka nisur protesta madh\u00ebshtore kund\u00ebr padrejt\u00ebsive t\u00eb Gjykat\u00ebs Speciale n\u00eb Hag\u00eb ndaj ish-krer\u00ebve t\u00eb Ushtris\u00eb \u00c7lirimtare t\u00eb Kosov\u00ebs.<\/p>\n<p>Sheshi kryesor i kryeqytetit shqiptar \u00ebsht\u00eb mbushur p\u00ebrplot me qytetar\u00eb q\u00eb po shprehin solidaritetin e tyre me Hashim Tha\u00e7in, Kadri Veselin, Jakup Krasniqin dhe Rexhep Selimin \u2013 duke k\u00ebrkuar drejt\u00ebsi p\u00ebr luft\u00ebn \u00e7lirimtare t\u00eb Kosov\u00ebs.<\/p>\n<p>N\u00eb mesin e pjes\u00ebmarr\u00ebsve gjendet edhe djali i ish-presidentit Hashim Tha\u00e7i, Endriti, p\u00ebrkrah shum\u00eb figurave t\u00eb njohura nga jeta publike e politike shqiptare.<\/p>\n<p>Protesta, e organizuar n\u00ebn moton \u201cDrejt\u00ebsi p\u00ebr \u00e7lirimtar\u00ebt\u201d, po zhvillohet n\u00eb atmosfer\u00eb t\u00eb qet\u00eb dhe me thirrje p\u00ebr unitet komb\u00ebtar p\u00ebrball\u00eb padrejt\u00ebsive q\u00eb, sipas organizator\u00ebve, po i b\u00ebhen historis\u00eb s\u00eb luft\u00ebs s\u00eb Kosov\u00ebs.<\/p>\n<p>The post <a href=\"https:\/\/lapsi.al\/2025\/10\/17\/tirana-ne-kembe-per-clirimtaret-liria-ka-emer-uck\/\">Tirana n\u00eb k\u00ebmb\u00eb p\u00ebr \u00e7lirimtar\u00ebt- Liria ka em\u00ebr, U\u00c7K!<\/a> appeared first on <a href=\"https:\/\/lapsi.al\/\">Lapsi.al<\/a>.<\/p>","protected":false},"excerpt":{"rendered":"<p>N\u00eb Sheshin \u201cSk\u00ebnderbe\u201d t\u00eb Tiran\u00ebs ka nisur protesta madh\u00ebshtore kund\u00ebr padrejt\u00ebsive t\u00eb Gjykat\u00ebs Speciale n\u00eb Hag\u00eb ndaj ish-krer\u00ebve t\u00eb Ushtris\u00eb \u00c7lirimtare t\u00eb Kosov\u00ebs. Sheshi kryesor i kryeqytetit shqiptar \u00ebsht\u00eb mbushur p\u00ebrplot me qytetar\u00eb q\u00eb po shprehin solidaritetin e tyre me Hashim Tha\u00e7in, Kadri Veselin, Jakup Krasniqin dhe Rexhep Selimin \u2013 duke k\u00ebrkuar drejt\u00ebsi p\u00ebr luft\u00ebn [&hellip;]<\/p>\n","protected":false},"author":0,"featured_media":0,"comment_status":"open","ping_status":"open","sticky":false,"template":"","format":"standard","meta":{"footnotes":""},"categories":[1],"tags":[],"class_list":["post-47046","post","type-post","status-publish","format-standard","hentry","category-uncategorized"],"_links":{"self":[{"href":"https:\/\/zennihost.com\/test\/wp-json\/wp\/v2\/posts\/47046","targetHints":{"allow":["GET"]}}],"collection":[{"href":"https:\/\/zennihost.com\/test\/wp-json\/wp\/v2\/posts"}],"about":[{"href":"https:\/\/zennihost.com\/test\/wp-json\/wp\/v2\/types\/post"}],"replies":[{"embeddable":true,"href":"https:\/\/zennihost.com\/test\/wp-json\/wp\/v2\/comments?post=47046"}],"version-history":[{"count":0,"href":"https:\/\/zennihost.com\/test\/wp-json\/wp\/v2\/posts\/47046\/revisions"}],"wp:attachment":[{"href":"https:\/\/zennihost.com\/test\/wp-json\/wp\/v2\/media?parent=47046"}],"wp:term":[{"taxonomy":"category","embeddable":true,"href":"https:\/\/zennihost.com\/test\/wp-json\/wp\/v2\/categories?post=47046"},{"taxonomy":"post_tag","embeddable":true,"href":"https:\/\/zennihost.com\/test\/wp-json\/wp\/v2\/tags?post=47046"}],"curies":[{"name":"wp","href":"https:\/\/api.w.org\/{rel}","templated":true}]}}