{"id":47044,"date":"2025-10-17T16:08:58","date_gmt":"2025-10-17T16:08:58","guid":{"rendered":"https:\/\/zennihost.com\/test\/2025\/10\/17\/moisiu-komandantet-e-uck-kane-bere-detyren-me-te-larte-qe-njeh-historia\/"},"modified":"2025-10-17T16:08:58","modified_gmt":"2025-10-17T16:08:58","slug":"moisiu-komandantet-e-uck-kane-bere-detyren-me-te-larte-qe-njeh-historia","status":"publish","type":"post","link":"https:\/\/zennihost.com\/test\/2025\/10\/17\/moisiu-komandantet-e-uck-kane-bere-detyren-me-te-larte-qe-njeh-historia\/","title":{"rendered":"Moisiu: Komandant\u00ebt e U\u00c7K kan\u00eb b\u00ebr\u00eb detyr\u00ebn m\u00eb t\u00eb lart\u00eb q\u00eb njeh historia"},"content":{"rendered":"<p>Ish-Presidenti i Shqip\u00ebris\u00eb, Alfred Moisiu ishte nj\u00ebri nga fol\u00ebsit e protest\u00ebs n\u00eb Tiran\u00eb, q\u00eb k\u00ebrkon drejt\u00ebsi p\u00ebr ish-krer\u00ebt e U\u00c7K-s\u00eb.<\/p>\n<p>Moisiu tha se krer\u00ebt e U\u00c7K-s\u00eb kan\u00eb kryer detyr\u00ebn m\u00eb t\u00eb lart\u00eb q\u00eb njeh historia.<\/p>\n<p><em>\u201cJemi mbledhur p\u00ebr t\u00eb mbrojtur dinjitetin ton\u00eb kom\u00ebbtar\u00eb, p\u00ebrball\u00eb padrejt\u00ebsiv q\u00eb po u b\u00ebhet bij\u00ebve m\u00eb t\u00eb mir\u00eb t\u00eb Kosov\u00ebs. \u00c7lirimtar\u00ebve q\u00eb luftuan p\u00ebr lirin\u00eb e vendit t\u00eb tyre. N\u00eb vitin 2022, isha n\u00eb Hag\u00eb, p\u00ebr t\u00eb takuar personalisht Presidentin Tha\u00e7i, Kadri Veselin, Jakup Krasniqi e Rexhep Selimi. Aty un\u00eb e pash\u00eb q\u00eb k\u00ebta burra nuk ishin t\u00eb frik\u00ebsuar. Ata ishin t\u00eb qet\u00eb e t\u00eb gatsh\u00ebm p\u00ebr t\u00eb sakrifikuar. Ata nuk kan\u00eb kryer krime, por kan\u00eb b\u00ebr\u00eb detyr\u00ebn m\u00eb t\u00eb lart\u00eb q\u00eb njeh historia bashkohore, \u00e7lirimin e Kosov\u00ebs dhe mbrojtjen e popullit t\u00eb vet.\u201d<\/em> \u2013 tha Moisiu.<\/p>\n<p>The post <a href=\"https:\/\/lapsi.al\/2025\/10\/17\/moisiu-komandantet-e-uck-kane-bere-detyren-me-te-larte-qe-njeh-historia\/\">Moisiu: Komandant\u00ebt e U\u00c7K kan\u00eb b\u00ebr\u00eb detyr\u00ebn m\u00eb t\u00eb lart\u00eb q\u00eb njeh historia<\/a> appeared first on <a href=\"https:\/\/lapsi.al\/\">Lapsi.al<\/a>.<\/p>","protected":false},"excerpt":{"rendered":"<p>Ish-Presidenti i Shqip\u00ebris\u00eb, Alfred Moisiu ishte nj\u00ebri nga fol\u00ebsit e protest\u00ebs n\u00eb Tiran\u00eb, q\u00eb k\u00ebrkon drejt\u00ebsi p\u00ebr ish-krer\u00ebt e U\u00c7K-s\u00eb. Moisiu tha se krer\u00ebt e U\u00c7K-s\u00eb kan\u00eb kryer detyr\u00ebn m\u00eb t\u00eb lart\u00eb q\u00eb njeh historia. \u201cJemi mbledhur p\u00ebr t\u00eb mbrojtur dinjitetin ton\u00eb kom\u00ebbtar\u00eb, p\u00ebrball\u00eb padrejt\u00ebsiv q\u00eb po u b\u00ebhet bij\u00ebve m\u00eb t\u00eb mir\u00eb t\u00eb Kosov\u00ebs. [&hellip;]<\/p>\n","protected":false},"author":0,"featured_media":0,"comment_status":"open","ping_status":"open","sticky":false,"template":"","format":"standard","meta":{"footnotes":""},"categories":[1],"tags":[],"class_list":["post-47044","post","type-post","status-publish","format-standard","hentry","category-uncategorized"],"_links":{"self":[{"href":"https:\/\/zennihost.com\/test\/wp-json\/wp\/v2\/posts\/47044","targetHints":{"allow":["GET"]}}],"collection":[{"href":"https:\/\/zennihost.com\/test\/wp-json\/wp\/v2\/posts"}],"about":[{"href":"https:\/\/zennihost.com\/test\/wp-json\/wp\/v2\/types\/post"}],"replies":[{"embeddable":true,"href":"https:\/\/zennihost.com\/test\/wp-json\/wp\/v2\/comments?post=47044"}],"version-history":[{"count":0,"href":"https:\/\/zennihost.com\/test\/wp-json\/wp\/v2\/posts\/47044\/revisions"}],"wp:attachment":[{"href":"https:\/\/zennihost.com\/test\/wp-json\/wp\/v2\/media?parent=47044"}],"wp:term":[{"taxonomy":"category","embeddable":true,"href":"https:\/\/zennihost.com\/test\/wp-json\/wp\/v2\/categories?post=47044"},{"taxonomy":"post_tag","embeddable":true,"href":"https:\/\/zennihost.com\/test\/wp-json\/wp\/v2\/tags?post=47044"}],"curies":[{"name":"wp","href":"https:\/\/api.w.org\/{rel}","templated":true}]}}