{"id":47036,"date":"2025-10-17T16:48:20","date_gmt":"2025-10-17T16:48:20","guid":{"rendered":"https:\/\/zennihost.com\/test\/2025\/10\/17\/gara-per-kreun-e-spak-klp-mblidhet-te-henen-per-verifikuar-nese-i-plotesojne-kushtet-4-kandidatet\/"},"modified":"2025-10-17T16:48:20","modified_gmt":"2025-10-17T16:48:20","slug":"gara-per-kreun-e-spak-klp-mblidhet-te-henen-per-verifikuar-nese-i-plotesojne-kushtet-4-kandidatet","status":"publish","type":"post","link":"https:\/\/zennihost.com\/test\/2025\/10\/17\/gara-per-kreun-e-spak-klp-mblidhet-te-henen-per-verifikuar-nese-i-plotesojne-kushtet-4-kandidatet\/","title":{"rendered":"Gara p\u00ebr kreun e SPAK, KLP mblidhet t\u00eb h\u00ebn\u00ebn p\u00ebr verifikuar n\u00ebse i plot\u00ebsojn\u00eb kushtet 4 kandidat\u00ebt"},"content":{"rendered":"<p>K\u00ebshilli i Lart\u00eb i Prokuroris\u00eb th\u00ebrret mbledhje p\u00ebr t\u00eb shqyrtuat n\u00ebse formalisht i plot\u00ebsojn\u00eb kushtet kat\u00ebr kandidat\u00ebt q\u00eb kan\u00eb shfaqur interes p\u00ebr t\u00eb drejtuar SPAK-un.<\/p>\n<p>Mbledhja do t\u00eb mbahet k\u00ebt\u00eb t\u00eb h\u00ebn\u00eb q\u00eb vjen n\u00eb or\u00ebn dhjet\u00eb.<\/p>\n<p><em>\u201cKjo mbledhje do t\u00eb organizohet n\u00eb sall\u00ebn e mbledhjeve n\u00eb prezenc\u00eb t\u00eb An\u00ebtar\u00ebve t\u00eb K\u00ebshillit t\u00eb Lart\u00eb t\u00eb Prokuroris\u00eb, si dhe p\u00ebrfaq\u00ebsuesve nga Prokurori i P\u00ebrgjithsh\u00ebm, Ministria e Drejt\u00ebsis\u00eb, Projekti Eu4Justice dhe Programi OPDAT.\u201d<\/em> njofton zyrtarisht KLP.<\/p>\n<p>N\u00eb rend dite do t\u00eb jet\u00eb miratimi i i projektvendimi \u201cP\u00ebr miratimin e list\u00ebs s\u00eb kandidat\u00ebve q\u00eb plot\u00ebsojn\u00eb kushtet ligjore t\u00eb kandidimit p\u00ebr Drejtues n\u00eb Prokurorin\u00eb e Posa\u00e7me kund\u00ebr Korrupsionit dhe Krimit t\u00eb Organizuar\u201d.<\/p>\n<p>Vet\u00ebm mbasi t\u00eb shikohen t\u00eb dh\u00ebnat q\u00eb plot\u00ebsojn\u00eb kat\u00ebr kandidat\u00ebt Adnan Xholi, Klodian Braho, Doloreza Musabelliu dhe Ervin Gokaj q\u00eb garojn\u00eb p\u00ebr kryeprokuror\u00eb SPAK-u m\u00eb pas do t\u00eb ftohen p\u00ebr t\u2019u intervistuar nga K\u00ebshilli ku dhe do t\u00eb caktohet nj\u00eb dat\u00eb, n\u00eb t\u00eb cil\u00ebn kandidat\u00ebt do t\u00eb tregojn\u00eb platform\u00ebn dhe vizionin e tyre.<\/p>\n<p>The post <a href=\"https:\/\/gijotina.com\/gara-per-kreun-e-spak-klp-mblidhet-te-henen-per-verifikuar-nese-i-plotesojne-kushtet-4-kandidatet\/\">Gara p\u00ebr kreun e SPAK, KLP mblidhet t\u00eb h\u00ebn\u00ebn p\u00ebr verifikuar n\u00ebse i plot\u00ebsojn\u00eb kushtet 4 kandidat\u00ebt<\/a> appeared first on <a href=\"https:\/\/gijotina.com\/\">GIJOTINA<\/a>.<\/p>","protected":false},"excerpt":{"rendered":"<p>K\u00ebshilli i Lart\u00eb i Prokuroris\u00eb th\u00ebrret mbledhje p\u00ebr t\u00eb shqyrtuat n\u00ebse formalisht i plot\u00ebsojn\u00eb kushtet kat\u00ebr kandidat\u00ebt q\u00eb kan\u00eb shfaqur interes p\u00ebr t\u00eb drejtuar SPAK-un. Mbledhja do t\u00eb mbahet k\u00ebt\u00eb t\u00eb h\u00ebn\u00eb q\u00eb vjen n\u00eb or\u00ebn dhjet\u00eb. \u201cKjo mbledhje do t\u00eb organizohet n\u00eb sall\u00ebn e mbledhjeve n\u00eb prezenc\u00eb t\u00eb An\u00ebtar\u00ebve t\u00eb K\u00ebshillit t\u00eb Lart\u00eb t\u00eb [&hellip;]<\/p>\n","protected":false},"author":0,"featured_media":0,"comment_status":"open","ping_status":"open","sticky":false,"template":"","format":"standard","meta":{"footnotes":""},"categories":[1],"tags":[],"class_list":["post-47036","post","type-post","status-publish","format-standard","hentry","category-uncategorized"],"_links":{"self":[{"href":"https:\/\/zennihost.com\/test\/wp-json\/wp\/v2\/posts\/47036","targetHints":{"allow":["GET"]}}],"collection":[{"href":"https:\/\/zennihost.com\/test\/wp-json\/wp\/v2\/posts"}],"about":[{"href":"https:\/\/zennihost.com\/test\/wp-json\/wp\/v2\/types\/post"}],"replies":[{"embeddable":true,"href":"https:\/\/zennihost.com\/test\/wp-json\/wp\/v2\/comments?post=47036"}],"version-history":[{"count":0,"href":"https:\/\/zennihost.com\/test\/wp-json\/wp\/v2\/posts\/47036\/revisions"}],"wp:attachment":[{"href":"https:\/\/zennihost.com\/test\/wp-json\/wp\/v2\/media?parent=47036"}],"wp:term":[{"taxonomy":"category","embeddable":true,"href":"https:\/\/zennihost.com\/test\/wp-json\/wp\/v2\/categories?post=47036"},{"taxonomy":"post_tag","embeddable":true,"href":"https:\/\/zennihost.com\/test\/wp-json\/wp\/v2\/tags?post=47036"}],"curies":[{"name":"wp","href":"https:\/\/api.w.org\/{rel}","templated":true}]}}