{"id":47035,"date":"2025-10-17T16:48:20","date_gmt":"2025-10-17T16:48:20","guid":{"rendered":"https:\/\/zennihost.com\/test\/2025\/10\/17\/alfred-moisiu-ne-protesten-per-uck-ne-ne-tirane-thaci-veseli-krasniqi-e-selimi-kane-kryer-detyren-me-te-larte-clirimin-e-kosoves\/"},"modified":"2025-10-17T16:48:20","modified_gmt":"2025-10-17T16:48:20","slug":"alfred-moisiu-ne-protesten-per-uck-ne-ne-tirane-thaci-veseli-krasniqi-e-selimi-kane-kryer-detyren-me-te-larte-clirimin-e-kosoves","status":"publish","type":"post","link":"https:\/\/zennihost.com\/test\/2025\/10\/17\/alfred-moisiu-ne-protesten-per-uck-ne-ne-tirane-thaci-veseli-krasniqi-e-selimi-kane-kryer-detyren-me-te-larte-clirimin-e-kosoves\/","title":{"rendered":"Alfred Moisiu n\u00eb protest\u00ebn p\u00ebr U\u00c7K-n\u00eb n\u00eb Tiran\u00eb: \u201cTha\u00e7i, Veseli, Krasniqi e Selimi kan\u00eb kryer detyr\u00ebn m\u00eb t\u00eb lart\u00eb \u2013 \u00e7lirimin e Kosov\u00ebs\u201d"},"content":{"rendered":"<p>Ish-Presidenti i Shqip\u00ebris\u00eb, Alfred Moisiu, ishte sot i pranish\u00ebm n\u00eb protest\u00ebn e mbajtur n\u00eb sheshin \u201cSk\u00ebnderbej\u201d n\u00eb Tiran\u00eb, n\u00eb mb\u00ebshtetje t\u00eb ish-krer\u00ebve t\u00eb Ushtris\u00eb \u00c7lirimtare t\u00eb Kosov\u00ebs q\u00eb ndodhen n\u00eb Hag\u00eb.<\/p>\n<p>N\u00eb nj\u00eb fjalim t\u00eb fuqish\u00ebm nga podiumi i protest\u00ebs, Moisiu deklaroi se Hashim Tha\u00e7i, Kadri Veseli, Jakup Krasniqi dhe Rexhep Selimi nuk jan\u00eb kriminel\u00eb, por burra q\u00eb kan\u00eb kryer detyr\u00ebn m\u00eb t\u00eb lart\u00eb q\u00eb njeh historia bashk\u00ebkohore: \u00e7lirimin e Kosov\u00ebs dhe mbrojtjen e popullit t\u00eb tyre.<\/p>\n<p>\u201cNuk mund t\u00eb pranojm\u00eb t\u00eb n\u00ebp\u00ebrk\u00ebmbet gjaku i shqiptar\u00ebve. Liria e Kosov\u00ebs nuk \u00ebsht\u00eb dhurat\u00eb, \u00ebsht\u00eb fituar me gjak, me sakrifica dhe vendosm\u00ebri,\u201d \u2013 theksoi Moisiu.<\/p>\n<p>Ai kujtoi vizit\u00ebn q\u00eb zhvilloi n\u00eb vitin 2022 n\u00eb dhomat e paraburgimit t\u00eb Hag\u00ebs, s\u00eb bashku me ish-president\u00ebt Rexhep Meidani, Bamir Topi dhe Pandeli Majko, ku pati takuar personalisht Tha\u00e7in, Veselin, Krasniqin dhe Selimin.<\/p>\n<p>\u201cAta trima nuk ishin t\u00eb frik\u00ebsuar, por burra t\u00eb v\u00ebrtet\u00eb, q\u00ebndronin t\u00eb qet\u00eb, t\u00eb gatsh\u00ebm p\u00ebr t\u2019u sakrifikuar p\u00ebr t\u00eb mos lejuar q\u00eb lufta e U\u00c7K-s\u00eb t\u00eb njolloset padrejt\u00ebsisht,\u201d tha Moisiu.<\/p>\n<p>Sipas tij, akuzat ndaj lider\u00ebve t\u00eb U\u00c7K-s\u00eb jan\u00eb t\u00eb fabrikuara nga qarqe serbo-ruse dhe nuk q\u00ebndrojn\u00eb mbi asnj\u00eb prov\u00eb serioze. Ai n\u00ebnvizoi se lufta e U\u00c7K-s\u00eb \u00ebsht\u00eb mb\u00ebshtetur nga SHBA, NATO dhe aleat\u00ebt per\u00ebndimor\u00eb.<\/p>\n<p>\u201c\u00cbsht\u00eb koha t\u00eb mos heshtim. T\u00eb ngrem\u00eb z\u00ebrin sa m\u00eb lart p\u00ebr t\u00eb mbrojtur dinjitetin komb\u00ebtar dhe luft\u00ebn e drejt\u00eb p\u00ebr liri,\u201d p\u00ebrfundoi Moisiu, duke k\u00ebrkuar drejt\u00ebsi p\u00ebr t\u00eb akuzuarit dhe nderim p\u00ebr d\u00ebshmor\u00ebt.<\/p>\n<p>Ai e p\u00ebrmbylli fjal\u00ebn me nj\u00eb mesazh t\u00eb qart\u00eb:<br \/>\u201cLavdi d\u00ebshmor\u00ebve t\u00eb U\u00c7K-s\u00eb, liri luft\u00ebtar\u00ebve t\u00eb U\u00c7K-s\u00eb!\u201d<\/p>\n<p>The post <a href=\"https:\/\/gijotina.com\/alfred-moisiu-ne-protesten-per-uck-ne-ne-tirane-thaci-veseli-krasniqi-e-selimi-kane-kryer-detyren-me-te-larte-clirimin-e-kosoves\/\">Alfred Moisiu n\u00eb protest\u00ebn p\u00ebr U\u00c7K-n\u00eb n\u00eb Tiran\u00eb: \u201cTha\u00e7i, Veseli, Krasniqi e Selimi kan\u00eb kryer detyr\u00ebn m\u00eb t\u00eb lart\u00eb \u2013 \u00e7lirimin e Kosov\u00ebs\u201d<\/a> appeared first on <a href=\"https:\/\/gijotina.com\/\">GIJOTINA<\/a>.<\/p>","protected":false},"excerpt":{"rendered":"<p>Ish-Presidenti i Shqip\u00ebris\u00eb, Alfred Moisiu, ishte sot i pranish\u00ebm n\u00eb protest\u00ebn e mbajtur n\u00eb sheshin \u201cSk\u00ebnderbej\u201d n\u00eb Tiran\u00eb, n\u00eb mb\u00ebshtetje t\u00eb ish-krer\u00ebve t\u00eb Ushtris\u00eb \u00c7lirimtare t\u00eb Kosov\u00ebs q\u00eb ndodhen n\u00eb Hag\u00eb. N\u00eb nj\u00eb fjalim t\u00eb fuqish\u00ebm nga podiumi i protest\u00ebs, Moisiu deklaroi se Hashim Tha\u00e7i, Kadri Veseli, Jakup Krasniqi dhe Rexhep Selimi nuk jan\u00eb kriminel\u00eb, [&hellip;]<\/p>\n","protected":false},"author":0,"featured_media":0,"comment_status":"open","ping_status":"open","sticky":false,"template":"","format":"standard","meta":{"footnotes":""},"categories":[1],"tags":[],"class_list":["post-47035","post","type-post","status-publish","format-standard","hentry","category-uncategorized"],"_links":{"self":[{"href":"https:\/\/zennihost.com\/test\/wp-json\/wp\/v2\/posts\/47035","targetHints":{"allow":["GET"]}}],"collection":[{"href":"https:\/\/zennihost.com\/test\/wp-json\/wp\/v2\/posts"}],"about":[{"href":"https:\/\/zennihost.com\/test\/wp-json\/wp\/v2\/types\/post"}],"replies":[{"embeddable":true,"href":"https:\/\/zennihost.com\/test\/wp-json\/wp\/v2\/comments?post=47035"}],"version-history":[{"count":0,"href":"https:\/\/zennihost.com\/test\/wp-json\/wp\/v2\/posts\/47035\/revisions"}],"wp:attachment":[{"href":"https:\/\/zennihost.com\/test\/wp-json\/wp\/v2\/media?parent=47035"}],"wp:term":[{"taxonomy":"category","embeddable":true,"href":"https:\/\/zennihost.com\/test\/wp-json\/wp\/v2\/categories?post=47035"},{"taxonomy":"post_tag","embeddable":true,"href":"https:\/\/zennihost.com\/test\/wp-json\/wp\/v2\/tags?post=47035"}],"curies":[{"name":"wp","href":"https:\/\/api.w.org\/{rel}","templated":true}]}}