{"id":47034,"date":"2025-10-17T16:48:20","date_gmt":"2025-10-17T16:48:20","guid":{"rendered":"https:\/\/zennihost.com\/test\/2025\/10\/17\/ali-ahmeti-ne-protesten-ne-tirane-sot-jemi-te-gjithe-uck-drejtesia-nuk-mund-te-ndeshkoje-clirimtaret\/"},"modified":"2025-10-17T16:48:20","modified_gmt":"2025-10-17T16:48:20","slug":"ali-ahmeti-ne-protesten-ne-tirane-sot-jemi-te-gjithe-uck-drejtesia-nuk-mund-te-ndeshkoje-clirimtaret","status":"publish","type":"post","link":"https:\/\/zennihost.com\/test\/2025\/10\/17\/ali-ahmeti-ne-protesten-ne-tirane-sot-jemi-te-gjithe-uck-drejtesia-nuk-mund-te-ndeshkoje-clirimtaret\/","title":{"rendered":"Ali Ahmeti n\u00eb protest\u00ebn n\u00eb Tiran\u00eb: Sot jemi t\u00eb gjith\u00eb U\u00c7K, drejt\u00ebsia nuk mund t\u00eb nd\u00ebshkoj\u00eb \u00e7lirimtar\u00ebt"},"content":{"rendered":"<p>Kreu i Bashkimit Demokratik p\u00ebr Integrim (BDI) n\u00eb Maqedonin\u00eb e Veriut, Ali Ahmeti, ka mb\u00ebrritur n\u00eb Tiran\u00eb p\u00ebr t\u00eb marr\u00eb pjes\u00eb n\u00eb protest\u00ebn e organizuar n\u00eb sheshin \u201cSk\u00ebnderbej\u201d n\u00eb mb\u00ebshtetje t\u00eb ish-krer\u00ebve t\u00eb Ushtris\u00eb \u00c7lirimtare t\u00eb Kosov\u00ebs, t\u00eb cil\u00ebt po p\u00ebrballen me drejt\u00ebsin\u00eb n\u00eb Gjykat\u00ebn Speciale n\u00eb Hag\u00eb.<\/p>\n<p>Ahmeti e cil\u00ebsoi k\u00ebt\u00eb nj\u00eb dit\u00eb simbolike, ku \u201ct\u00eb gjith\u00eb jemi U\u00c7K\u201d, nd\u00ebrsa akuzoi qarqet serbo-ruse p\u00ebr fabrikimin e dosjeve kund\u00ebr \u00e7lirimtar\u00ebve t\u00eb Kosov\u00ebs.<\/p>\n<p>\u201cUshtris\u00eb \u00c7lirimtare t\u00eb Kosov\u00ebs i b\u00ebhet nj\u00eb padrejt\u00ebsi e madhe. Fillimisht nisi me shpifje p\u00ebr trafik organesh nga Dick Marty, nj\u00eb akuz\u00eb q\u00eb nuk u provua kurr\u00eb. Tani, me t\u00eb nj\u00ebjt\u00ebn logjik\u00eb, po tentohet njollosja e luft\u00ebs son\u00eb p\u00ebr liri. Kjo \u00ebsht\u00eb e papranueshme. U\u00c7K ka bashk\u00ebpunuar me NATO-n, SHBA-n\u00eb dhe BE-n\u00eb \u2013 aleat\u00ebt tan\u00eb strategjik\u00eb q\u00eb na ndihmuan ta fitojm\u00eb \u00e7lirimin\u201d, tha Ahmeti.<\/p>\n<p>Duke folur p\u00ebr dometh\u00ebnien e protest\u00ebs n\u00eb sheshin \u201cSk\u00ebnderbej\u201d, ai u shpreh se ka ndjenja t\u00eb forta emocionale dhe nostalgji, pasi aty jan\u00eb frym\u00ebzuar heronjt\u00eb m\u00eb t\u00eb m\u00ebdhenj t\u00eb Kosov\u00ebs, p\u00ebrfshir\u00eb Adem Jasharin.<\/p>\n<p>Ahmeti hodhi posht\u00eb \u00e7do pretendim p\u00ebr prapavij\u00eb politike apo partiake t\u00eb protest\u00ebs:<\/p>\n<p>\u201cKjo protest\u00eb nuk ka t\u00eb b\u00ebj\u00eb me partizim apo politizim. \u00cbsht\u00eb thirrje p\u00ebr drejt\u00ebsi. Drejt\u00ebsia duhet t\u00eb flas\u00eb, por nuk mund t\u00eb d\u00ebnoj\u00eb ata q\u00eb kan\u00eb luftuar p\u00ebr lirin\u00eb e kombit t\u00eb tyre.\u201d<\/p>\n<p>Ahmeti i b\u00ebri thirrje Gjykat\u00ebs Speciale t\u00eb p\u00ebrshpejtoj\u00eb procesin dhe t\u00eb shpall\u00eb sa m\u00eb par\u00eb t\u00eb pafajsh\u00ebm Hashim Tha\u00e7in, Kadri Veselin, Jakup Krasniqin dhe Rexhep Selimin.<\/p>\n<p>Procesi gjyq\u00ebsor ndaj tyre ka nisur m\u00eb 3 prill 2023 dhe vazhdon ende n\u00eb Hag\u00eb, nd\u00ebrsa nj\u00eb tjet\u00ebr protest\u00eb e madhe \u00ebsht\u00eb mbajtur m\u00eb 14 shtator n\u00eb af\u00ebrsi t\u00eb nd\u00ebrtes\u00ebs s\u00eb Gjykat\u00ebs Speciale, ku mor\u00ebn pjes\u00eb rreth 10 mij\u00eb shqiptar\u00eb nga mbar\u00eb bota.<\/p>\n<p>The post <a href=\"https:\/\/gijotina.com\/ali-ahmeti-ne-protesten-ne-tirane-sot-jemi-te-gjithe-uck-drejtesia-nuk-mund-te-ndeshkoje-clirimtaret\/\">Ali Ahmeti n\u00eb protest\u00ebn n\u00eb Tiran\u00eb: Sot jemi t\u00eb gjith\u00eb U\u00c7K, drejt\u00ebsia nuk mund t\u00eb nd\u00ebshkoj\u00eb \u00e7lirimtar\u00ebt<\/a> appeared first on <a href=\"https:\/\/gijotina.com\/\">GIJOTINA<\/a>.<\/p>","protected":false},"excerpt":{"rendered":"<p>Kreu i Bashkimit Demokratik p\u00ebr Integrim (BDI) n\u00eb Maqedonin\u00eb e Veriut, Ali Ahmeti, ka mb\u00ebrritur n\u00eb Tiran\u00eb p\u00ebr t\u00eb marr\u00eb pjes\u00eb n\u00eb protest\u00ebn e organizuar n\u00eb sheshin \u201cSk\u00ebnderbej\u201d n\u00eb mb\u00ebshtetje t\u00eb ish-krer\u00ebve t\u00eb Ushtris\u00eb \u00c7lirimtare t\u00eb Kosov\u00ebs, t\u00eb cil\u00ebt po p\u00ebrballen me drejt\u00ebsin\u00eb n\u00eb Gjykat\u00ebn Speciale n\u00eb Hag\u00eb. Ahmeti e cil\u00ebsoi k\u00ebt\u00eb nj\u00eb dit\u00eb simbolike, [&hellip;]<\/p>\n","protected":false},"author":0,"featured_media":0,"comment_status":"open","ping_status":"open","sticky":false,"template":"","format":"standard","meta":{"footnotes":""},"categories":[1],"tags":[],"class_list":["post-47034","post","type-post","status-publish","format-standard","hentry","category-uncategorized"],"_links":{"self":[{"href":"https:\/\/zennihost.com\/test\/wp-json\/wp\/v2\/posts\/47034","targetHints":{"allow":["GET"]}}],"collection":[{"href":"https:\/\/zennihost.com\/test\/wp-json\/wp\/v2\/posts"}],"about":[{"href":"https:\/\/zennihost.com\/test\/wp-json\/wp\/v2\/types\/post"}],"replies":[{"embeddable":true,"href":"https:\/\/zennihost.com\/test\/wp-json\/wp\/v2\/comments?post=47034"}],"version-history":[{"count":0,"href":"https:\/\/zennihost.com\/test\/wp-json\/wp\/v2\/posts\/47034\/revisions"}],"wp:attachment":[{"href":"https:\/\/zennihost.com\/test\/wp-json\/wp\/v2\/media?parent=47034"}],"wp:term":[{"taxonomy":"category","embeddable":true,"href":"https:\/\/zennihost.com\/test\/wp-json\/wp\/v2\/categories?post=47034"},{"taxonomy":"post_tag","embeddable":true,"href":"https:\/\/zennihost.com\/test\/wp-json\/wp\/v2\/tags?post=47034"}],"curies":[{"name":"wp","href":"https:\/\/api.w.org\/{rel}","templated":true}]}}