{"id":47033,"date":"2025-10-17T16:48:19","date_gmt":"2025-10-17T16:48:19","guid":{"rendered":"https:\/\/zennihost.com\/test\/2025\/10\/17\/videokush-po-e-rran-per-urdherat-leskaj-thyen-pd-ne-dhe-del-ne-mbeshtetje-te-uck-ne-tirane\/"},"modified":"2025-10-17T16:48:19","modified_gmt":"2025-10-17T16:48:19","slug":"videokush-po-e-rran-per-urdherat-leskaj-thyen-pd-ne-dhe-del-ne-mbeshtetje-te-uck-ne-tirane","status":"publish","type":"post","link":"https:\/\/zennihost.com\/test\/2025\/10\/17\/videokush-po-e-rran-per-urdherat-leskaj-thyen-pd-ne-dhe-del-ne-mbeshtetje-te-uck-ne-tirane\/","title":{"rendered":"(VIDEO)\u201cKush po e rr*an p\u00ebr urdh\u00ebrat\u201d \u2013 Leskaj thyen PD-n\u00eb dhe del n\u00eb mb\u00ebshtetje t\u00eb U\u00c7K n\u00eb Tiran\u00eb"},"content":{"rendered":"<p>Deputeti demokrat Bujar Leskaj ka thyer urdh\u00ebrat e Partis\u00eb Demokratike dhe ka marr\u00eb pjes\u00eb n\u00eb protest\u00ebn e zhvilluar sot n\u00eb sheshin \u201cSk\u00ebnderbej\u201d n\u00eb mb\u00ebshtetje t\u00eb ish-komandant\u00ebve t\u00eb U\u00c7K-s\u00eb q\u00eb ndodhen n\u00eb Hag\u00eb.<\/p>\n<p>Duke folur p\u00ebr mediat, Leskaj u shpreh se nuk e intereson q\u00ebndrimi i partis\u00eb: \u201cKush po e rruan p\u00ebr urdh\u00ebrat\u201d, tha ai, teksa largonte mikrofonin e gazetarit.<\/p>\n<p>N\u00eb protest\u00eb nga radh\u00ebt e opozit\u00ebs ka marr\u00eb pjes\u00eb edhe kryetari i Partis\u00eb Republikane, Fatmir Mediu. \u201c<em>Mesazhi im \u00ebsht\u00eb q\u00eb jemi nj\u00eb komb. Ajo \u00e7far\u00eb b\u00ebhet ndaj drejtuesve t\u00eb U\u00c7K-s\u00eb \u00ebsht\u00eb tendenca p\u00ebr t\u00eb zhb\u00ebr\u00eb historin\u00eb e kombit shqiptar dhe duhet t\u00eb jemi t\u00eb gjith\u00eb bashk\u00eb si shqiptar. Disa p\u00ebrfaq\u00ebsues jan\u00eb dhe t\u00eb PS dhe t\u00eb PD, nuk kemi ardhur t\u00eb b\u00ebjm\u00eb politik\u00eb, por p\u00ebr t\u00eb mb\u00ebshtetur nj\u00eb kauz\u00eb t\u00eb drejt\u00eb\u201d<\/em>, tha Mediu.<\/p>\n<p>Protesta ka mbledhur qindra qytetar\u00eb me pankarta ku k\u00ebrkohet drejt\u00ebsi p\u00ebr ish-komandant\u00ebt e U\u00c7K-s\u00eb dhe kritikohet Gjykata Speciale si \u201craciste dhe serbo-ruse\u201d, duke b\u00ebr\u00eb thirrje q\u00eb viktimat t\u00eb mos barazohen me agresor\u00ebt.<\/p>\n<div class=\"wp-video\"><!--[if lt IE 9]&gt;document.createElement('video');&lt;![endif]--><br \/>\n<a href=\"https:\/\/gijotina.com\/wp-content\/uploads\/2025\/10\/8nwr6e.mp4\">https:\/\/gijotina.com\/wp-content\/uploads\/2025\/10\/8nwr6e.mp4<\/a><\/div>\n<p>The post <a href=\"https:\/\/gijotina.com\/videokush-po-e-rran-per-urdherat-leskaj-thyen-pd-ne-dhe-del-ne-mbeshtetje-te-uck-ne-tirane\/\">(VIDEO)\u201cKush po e rr*an p\u00ebr urdh\u00ebrat\u201d \u2013 Leskaj thyen PD-n\u00eb dhe del n\u00eb mb\u00ebshtetje t\u00eb U\u00c7K n\u00eb Tiran\u00eb<\/a> appeared first on <a href=\"https:\/\/gijotina.com\/\">GIJOTINA<\/a>.<\/p>","protected":false},"excerpt":{"rendered":"<p>Deputeti demokrat Bujar Leskaj ka thyer urdh\u00ebrat e Partis\u00eb Demokratike dhe ka marr\u00eb pjes\u00eb n\u00eb protest\u00ebn e zhvilluar sot n\u00eb sheshin \u201cSk\u00ebnderbej\u201d n\u00eb mb\u00ebshtetje t\u00eb ish-komandant\u00ebve t\u00eb U\u00c7K-s\u00eb q\u00eb ndodhen n\u00eb Hag\u00eb. Duke folur p\u00ebr mediat, Leskaj u shpreh se nuk e intereson q\u00ebndrimi i partis\u00eb: \u201cKush po e rruan p\u00ebr urdh\u00ebrat\u201d, tha ai, teksa [&hellip;]<\/p>\n","protected":false},"author":0,"featured_media":0,"comment_status":"open","ping_status":"open","sticky":false,"template":"","format":"standard","meta":{"footnotes":""},"categories":[1],"tags":[],"class_list":["post-47033","post","type-post","status-publish","format-standard","hentry","category-uncategorized"],"_links":{"self":[{"href":"https:\/\/zennihost.com\/test\/wp-json\/wp\/v2\/posts\/47033","targetHints":{"allow":["GET"]}}],"collection":[{"href":"https:\/\/zennihost.com\/test\/wp-json\/wp\/v2\/posts"}],"about":[{"href":"https:\/\/zennihost.com\/test\/wp-json\/wp\/v2\/types\/post"}],"replies":[{"embeddable":true,"href":"https:\/\/zennihost.com\/test\/wp-json\/wp\/v2\/comments?post=47033"}],"version-history":[{"count":0,"href":"https:\/\/zennihost.com\/test\/wp-json\/wp\/v2\/posts\/47033\/revisions"}],"wp:attachment":[{"href":"https:\/\/zennihost.com\/test\/wp-json\/wp\/v2\/media?parent=47033"}],"wp:term":[{"taxonomy":"category","embeddable":true,"href":"https:\/\/zennihost.com\/test\/wp-json\/wp\/v2\/categories?post=47033"},{"taxonomy":"post_tag","embeddable":true,"href":"https:\/\/zennihost.com\/test\/wp-json\/wp\/v2\/tags?post=47033"}],"curies":[{"name":"wp","href":"https:\/\/api.w.org\/{rel}","templated":true}]}}