{"id":47032,"date":"2025-10-17T16:48:19","date_gmt":"2025-10-17T16:48:19","guid":{"rendered":"https:\/\/zennihost.com\/test\/2025\/10\/17\/liria-ka-emer-mbyllet-pas-1-ore-protesta-masive-ne-tirane-per-lirimin-e-ish-krereve-te-uck-se\/"},"modified":"2025-10-17T16:48:19","modified_gmt":"2025-10-17T16:48:19","slug":"liria-ka-emer-mbyllet-pas-1-ore-protesta-masive-ne-tirane-per-lirimin-e-ish-krereve-te-uck-se","status":"publish","type":"post","link":"https:\/\/zennihost.com\/test\/2025\/10\/17\/liria-ka-emer-mbyllet-pas-1-ore-protesta-masive-ne-tirane-per-lirimin-e-ish-krereve-te-uck-se\/","title":{"rendered":"\u201cLiria ka em\u00ebr\u201d \u2013 Mbyllet pas 1 ore protesta masive n\u00eb Tiran\u00eb p\u00ebr lirimin e ish-krer\u00ebve t\u00eb U\u00c7K-s\u00eb"},"content":{"rendered":"<p>Mij\u00ebra qytetar\u00eb nga Shqip\u00ebria, Kosova dhe diaspora u mblodh\u00ebn pasditen e sotme n\u00eb Sheshin \u201cSk\u00ebnderbej\u201d n\u00eb nj\u00eb protest\u00eb madhore me moton \u201cDrejt\u00ebsi p\u00ebr \u00c7lirimtar\u00ebt, kund\u00ebr padrejt\u00ebsis\u00eb n\u00eb Hag\u00eb\u201d, p\u00ebr t\u00eb k\u00ebrkuar lirimin e pes\u00eb ish-drejtuesve t\u00eb Ushtris\u00eb \u00c7lirimtare t\u00eb Kosov\u00ebs \u2013 Hashim Tha\u00e7i, Kadri Veseli, Jakup Krasniqi, Rexhep Selimi \u2013 t\u00eb akuzuar nga Gjykata Speciale n\u00eb Hag\u00eb p\u00ebr krime lufte dhe krime kund\u00ebr njer\u00ebzimit, akuza q\u00eb t\u00eb kat\u00ebrt i kan\u00eb mohuar.<\/p>\n<p>Protesta u organizua nga Organizata e Veteran\u00ebve t\u00eb Luft\u00ebs s\u00eb U\u00c7K-s\u00eb (OVL-U\u00c7K) me mb\u00ebshtetjen e shoqatave t\u00eb veteran\u00ebve dhe organizatave patriotike.<\/p>\n<p>Nga Kosova drejt Tiran\u00ebs u nis\u00ebn rreth 60 autobus\u00eb si pjes\u00eb e organizimit p\u00ebr udh\u00ebtim kolektiv.<\/p>\n<p>Autoritetet shqiptare dhan\u00eb disa leht\u00ebsira p\u00ebr pjes\u00ebmarr\u00ebsit: Rruga e Kombit u b\u00eb falas p\u00ebr 24 or\u00eb p\u00ebr t\u2019i leht\u00ebsuar qytetar\u00ebt q\u00eb udh\u00ebtuan nga Kosova ose troje t\u00eb tjera.<\/p>\n<p>P\u00ebrve\u00e7 veteran\u00ebve dhe qytetar\u00ebve t\u00eb zakonsh\u00ebm me bluza \u201cUn\u00eb jam U\u00c7K\u201d dhe simbole komb\u00ebtare, n\u00eb protest\u00eb mor\u00ebn pjes\u00eb edhe p\u00ebrfaq\u00ebsues t\u00eb partive politike, krer\u00eb fetar\u00eb dhe personalitete publike. Mes tyre: Ali Ahmeti (BDI nga Maqedonia e Veriut), ish-presidenti Alfred Moisiu, Baba Mondi (kryegjyshi bot\u00ebror i Bektashinjve), Myftiu i Tiran\u00ebs Bilal Teqja.<\/p>\n<p>Organizat\u00ebt dhe fjaluesit k\u00ebrkuan q\u00eb procesi gjyq\u00ebsor n\u00eb Hag\u00eb t\u00eb jet\u00eb transparent, pa paragjykime, dhe drejt\u00ebsi e v\u00ebrtet\u00eb p\u00ebr ata q\u00eb kan\u00eb luftuar p\u00ebr liri.<\/p>\n<p>Ali Ahmeti theksoi se protesta ka dimension gjith\u00ebkomb\u00ebtar dhe se U\u00c7K nuk \u00ebsht\u00eb \u201corganizat\u00eb kriminale\u201d, por ushtri \u00e7lirimtare, duke akuzuar se disa akuza jan\u00eb t\u00eb fabrikuara ose t\u00eb motivuara nga qarqe serbe ose ruse.<\/p>\n<p>Presidentja e Kosov\u00ebs, Vjosa Osmani, shprehu mb\u00ebshtetjen e saj p\u00ebr protest\u00ebn, duke deklaruar se lufta e U\u00c7K-s\u00eb ka qen\u00eb luft\u00eb e drejt\u00eb, dhe se k\u00ebrkohet respektim i parimeve t\u00eb t\u00eb drejtave t\u00eb njeriut.<\/p>\n<p>Autoritetet shqiptare kan\u00eb marr\u00eb masa p\u00ebr organizimin e tubimit: policia ka shtuar prani sigurie, devijime t\u00eb rrug\u00ebve dhe kontrolle n\u00eb zona t\u00eb af\u00ebrta me qendr\u00ebn e protest\u00ebs.<\/p>\n<p>Kryeministri i Shqip\u00ebris\u00eb, Edi Rama, deklaroi se mb\u00ebshtet protest\u00ebn si qytetar, por paralajm\u00ebroi q\u00eb politizimi i ngjarjes mund t\u00eb d\u00ebmtoj\u00eb q\u00ebllimin e saj.<\/p>\n<p>Kryeministri i Kosov\u00ebs, Albin Kurti, kritikoi protest\u00ebn duke th\u00ebn\u00eb se duhet t\u00eb punohet n\u00eb forumet nd\u00ebrkomb\u00ebtare p\u00ebr drejt\u00ebsi, dhe k\u00ebrkoi nga politikan\u00ebt q\u00eb t\u00eb reflektojn\u00eb p\u00ebr q\u00ebndrimet e tyre t\u00eb kaluar n\u00eb lidhje me Gjykat\u00ebn Speciale.<\/p>\n<p>Protestuesit mbushen sheshi duke k\u00ebnduar k\u00ebng\u00eb patriotike, duke mbajtur pankarta me mbishkrime si \u201cLiri p\u00ebr \u00e7lirimtar\u00ebt\u201d, \u201cUn\u00eb jam U\u00c7K\u201d, \u201cGjykata Speciale \u2013 padrejt\u00ebsi\u201d.<\/p>\n<p>Rasti prek\u00ebs u b\u00eb veterani Agim Pllashniku, i cili ka ardhur n\u00eb k\u00ebmb\u00eb nga Kosova, duke sh\u00ebnuar nj\u00eb udh\u00ebtim prej rreth dy dit\u00ebsh p\u00ebr t\u00eb p\u00ebrkrahur protest\u00ebn. Ai tha se ndihej i lodhur, por se padrejt\u00ebsia ndaj U\u00c7K-s\u00eb e b\u00ebn t\u00eb ndjehet i detyruar p\u00ebr t\u00eb ardhur.<\/p>\n<p>Protesta e sotme sh\u00ebnoi nj\u00eb moment reflektimi kolektiv p\u00ebr shqiptar\u00ebt q\u00eb ndjejn\u00eb se historia e luft\u00ebs p\u00ebr liri po vihet n\u00eb diskutim. Mes mesazheve t\u00eb forta patriotike dhe thirrjeve p\u00ebr drejt\u00ebsi, tubimi i \u201cDrejt\u00ebsi p\u00ebr \u00c7lirimtar\u00ebt\u201d n\u00eb Sheshin Sk\u00ebnderbej synoi t\u00eb b\u00ebhet nj\u00eb piket\u00eb e bashkimit komb\u00ebtar, duke ngritur pyetjen: sa larg duhet t\u00eb shkoj\u00eb drejt\u00ebsia p\u00ebr t\u2019iu p\u00ebrshtatur narrativave historike dhe institucionale?<\/p>\n<p>The post <a href=\"https:\/\/gijotina.com\/liria-ka-emer-mbyllet-pas-1-ore-protesta-masive-ne-tirane-per-lirimin-e-ish-krereve-te-uck-se\/\">\u201cLiria ka em\u00ebr\u201d \u2013 Mbyllet pas 1 ore protesta masive n\u00eb Tiran\u00eb p\u00ebr lirimin e ish-krer\u00ebve t\u00eb U\u00c7K-s\u00eb<\/a> appeared first on <a href=\"https:\/\/gijotina.com\/\">GIJOTINA<\/a>.<\/p>","protected":false},"excerpt":{"rendered":"<p>Mij\u00ebra qytetar\u00eb nga Shqip\u00ebria, Kosova dhe diaspora u mblodh\u00ebn pasditen e sotme n\u00eb Sheshin \u201cSk\u00ebnderbej\u201d n\u00eb nj\u00eb protest\u00eb madhore me moton \u201cDrejt\u00ebsi p\u00ebr \u00c7lirimtar\u00ebt, kund\u00ebr padrejt\u00ebsis\u00eb n\u00eb Hag\u00eb\u201d, p\u00ebr t\u00eb k\u00ebrkuar lirimin e pes\u00eb ish-drejtuesve t\u00eb Ushtris\u00eb \u00c7lirimtare t\u00eb Kosov\u00ebs \u2013 Hashim Tha\u00e7i, Kadri Veseli, Jakup Krasniqi, Rexhep Selimi \u2013 t\u00eb akuzuar nga Gjykata Speciale [&hellip;]<\/p>\n","protected":false},"author":0,"featured_media":0,"comment_status":"open","ping_status":"open","sticky":false,"template":"","format":"standard","meta":{"footnotes":""},"categories":[1],"tags":[],"class_list":["post-47032","post","type-post","status-publish","format-standard","hentry","category-uncategorized"],"_links":{"self":[{"href":"https:\/\/zennihost.com\/test\/wp-json\/wp\/v2\/posts\/47032","targetHints":{"allow":["GET"]}}],"collection":[{"href":"https:\/\/zennihost.com\/test\/wp-json\/wp\/v2\/posts"}],"about":[{"href":"https:\/\/zennihost.com\/test\/wp-json\/wp\/v2\/types\/post"}],"replies":[{"embeddable":true,"href":"https:\/\/zennihost.com\/test\/wp-json\/wp\/v2\/comments?post=47032"}],"version-history":[{"count":0,"href":"https:\/\/zennihost.com\/test\/wp-json\/wp\/v2\/posts\/47032\/revisions"}],"wp:attachment":[{"href":"https:\/\/zennihost.com\/test\/wp-json\/wp\/v2\/media?parent=47032"}],"wp:term":[{"taxonomy":"category","embeddable":true,"href":"https:\/\/zennihost.com\/test\/wp-json\/wp\/v2\/categories?post=47032"},{"taxonomy":"post_tag","embeddable":true,"href":"https:\/\/zennihost.com\/test\/wp-json\/wp\/v2\/tags?post=47032"}],"curies":[{"name":"wp","href":"https:\/\/api.w.org\/{rel}","templated":true}]}}