{"id":47030,"date":"2025-10-17T16:48:19","date_gmt":"2025-10-17T16:48:19","guid":{"rendered":"https:\/\/zennihost.com\/test\/2025\/10\/17\/reagimi-teksa-shqiptaret-protestojne-per-drejtesi-albin-kurti-mburret-me-fuqine-e-pasaportes-se-kosoves\/"},"modified":"2025-10-17T16:48:19","modified_gmt":"2025-10-17T16:48:19","slug":"reagimi-teksa-shqiptaret-protestojne-per-drejtesi-albin-kurti-mburret-me-fuqine-e-pasaportes-se-kosoves","status":"publish","type":"post","link":"https:\/\/zennihost.com\/test\/2025\/10\/17\/reagimi-teksa-shqiptaret-protestojne-per-drejtesi-albin-kurti-mburret-me-fuqine-e-pasaportes-se-kosoves\/","title":{"rendered":"Reagimi\/ Teksa shqiptar\u00ebt protestojn\u00eb p\u00ebr drejt\u00ebsi, Albin Kurti mburret me fuqin\u00eb e pasaport\u00ebs se Kosoves"},"content":{"rendered":"<p>Nd\u00ebrsa kryeqyteti shqiptar ishte n\u00eb tubim p\u00ebr ish-komandant\u00ebt e U\u00c7K-s\u00eb, kryeministri i Kosov\u00ebs, Albin Kurti, iu drejtua qytetar\u00ebve me nj\u00eb deklarat\u00eb p\u00ebrmes rrjeteve sociale duke theksuar p\u00ebrmir\u00ebsimin e pozicionit nd\u00ebrkomb\u00ebtar t\u00eb shtetit kosovar p\u00ebrmes pasaport\u00ebs.<\/p>\n<p>Sipas postimit t\u00eb tij, pasaporta e Republik\u00ebs s\u00eb Kosov\u00ebs ka arritur rang m\u00eb t\u00eb lart\u00eb n\u00eb Indeksin Henley t\u00eb pasaportave, duke kaluar nga vendi i 108-t\u00eb n\u00eb vitin 2021 n\u00eb vendin e 65-t\u00eb n\u00eb vitin aktual. Kurti gjithashtu theksoi se p\u00ebrmir\u00ebsimi nga viti i kaluar (vend i 68-t\u00eb) \u00ebsht\u00eb d\u00ebshmi e progresit dhe e diplomacis\u00eb aktive:<\/p>\n<p>\u201cPasaporta e Republik\u00ebs s\u00eb Kosov\u00ebs m\u00eb e fuqishme se kurr\u00eb m\u00eb par\u00eb \u2026 Kosova ka kaluar nga vendi i 108-t\u00eb \u2026 n\u00eb vendin e 65-t\u00eb \u2026 k\u00ebt\u00eb e konsiderojm\u00eb jo vet\u00ebm rekord historik, por edhe reflektim t\u00eb politikave tona diplomatike \u2013 nga liberalizimi i vizave deri te pun\u00ebt intensive p\u00ebr t\u00eb mund\u00ebsuar l\u00ebvizje pa viza.\u201d<\/p>\n<p>Mes mesazheve q\u00eb p\u00ebrcolli, Kurti n\u00ebnvizoi se kjo p\u00ebrmir\u00ebsim tregon njohje nd\u00ebrkomb\u00ebtare, leht\u00ebsim l\u00ebvizjeje pa viza dhe forcim t\u00eb shtet\u00ebsis\u00eb kosovare n\u00eb kontekst global.<\/p>\n<p>Deklarata e Kurtit vjen n\u00eb nj\u00eb dit\u00eb simbolike p\u00ebr shqiptar\u00ebt n\u00eb t\u00eb dy an\u00ebt e kufirit \u2013 kur nj\u00eb protest\u00eb e madhe po mbahet n\u00eb Tiran\u00eb p\u00ebr mbrojtjen e ish-luft\u00ebtar\u00ebve t\u00eb U\u00c7K-s\u00eb q\u00eb ndodhen n\u00eb Hag\u00eb, duke p\u00ebrqasur \u00e7\u00ebshtjet e brendshme dhe ato komb\u00ebtare n\u00eb nj\u00eb narrativ\u00eb t\u00eb bashk\u00ebrenduar p\u00ebr identitetin dhe sovranitetin shqiptar.<\/p>\n<p>The post <a href=\"https:\/\/gijotina.com\/reagimi-teksa-shqiptaret-protestojne-per-drejtesi-albin-kurti-mburret-me-fuqine-e-pasaportes-se-kosoves\/\">Reagimi\/ Teksa shqiptar\u00ebt protestojn\u00eb p\u00ebr drejt\u00ebsi, Albin Kurti mburret me fuqin\u00eb e pasaport\u00ebs se Kosoves<\/a> appeared first on <a href=\"https:\/\/gijotina.com\/\">GIJOTINA<\/a>.<\/p>","protected":false},"excerpt":{"rendered":"<p>Nd\u00ebrsa kryeqyteti shqiptar ishte n\u00eb tubim p\u00ebr ish-komandant\u00ebt e U\u00c7K-s\u00eb, kryeministri i Kosov\u00ebs, Albin Kurti, iu drejtua qytetar\u00ebve me nj\u00eb deklarat\u00eb p\u00ebrmes rrjeteve sociale duke theksuar p\u00ebrmir\u00ebsimin e pozicionit nd\u00ebrkomb\u00ebtar t\u00eb shtetit kosovar p\u00ebrmes pasaport\u00ebs. Sipas postimit t\u00eb tij, pasaporta e Republik\u00ebs s\u00eb Kosov\u00ebs ka arritur rang m\u00eb t\u00eb lart\u00eb n\u00eb Indeksin Henley t\u00eb pasaportave, [&hellip;]<\/p>\n","protected":false},"author":0,"featured_media":0,"comment_status":"open","ping_status":"open","sticky":false,"template":"","format":"standard","meta":{"footnotes":""},"categories":[1],"tags":[],"class_list":["post-47030","post","type-post","status-publish","format-standard","hentry","category-uncategorized"],"_links":{"self":[{"href":"https:\/\/zennihost.com\/test\/wp-json\/wp\/v2\/posts\/47030","targetHints":{"allow":["GET"]}}],"collection":[{"href":"https:\/\/zennihost.com\/test\/wp-json\/wp\/v2\/posts"}],"about":[{"href":"https:\/\/zennihost.com\/test\/wp-json\/wp\/v2\/types\/post"}],"replies":[{"embeddable":true,"href":"https:\/\/zennihost.com\/test\/wp-json\/wp\/v2\/comments?post=47030"}],"version-history":[{"count":0,"href":"https:\/\/zennihost.com\/test\/wp-json\/wp\/v2\/posts\/47030\/revisions"}],"wp:attachment":[{"href":"https:\/\/zennihost.com\/test\/wp-json\/wp\/v2\/media?parent=47030"}],"wp:term":[{"taxonomy":"category","embeddable":true,"href":"https:\/\/zennihost.com\/test\/wp-json\/wp\/v2\/categories?post=47030"},{"taxonomy":"post_tag","embeddable":true,"href":"https:\/\/zennihost.com\/test\/wp-json\/wp\/v2\/tags?post=47030"}],"curies":[{"name":"wp","href":"https:\/\/api.w.org\/{rel}","templated":true}]}}