{"id":47029,"date":"2025-10-17T14:59:53","date_gmt":"2025-10-17T14:59:53","guid":{"rendered":"https:\/\/zennihost.com\/test\/2025\/10\/17\/hailey-bieber-jam-e-lodhur-nga-situata-me-selena-n\/"},"modified":"2025-10-17T14:59:53","modified_gmt":"2025-10-17T14:59:53","slug":"hailey-bieber-jam-e-lodhur-nga-situata-me-selena-n","status":"publish","type":"post","link":"https:\/\/zennihost.com\/test\/2025\/10\/17\/hailey-bieber-jam-e-lodhur-nga-situata-me-selena-n\/","title":{"rendered":"Hailey Bieber: \u201cJam e lodhur nga situata me Selena-n"},"content":{"rendered":"<p>Hailey Bieber ka reaguar ndaj spekulimeve p\u00ebr ndonj\u00eb konflikt me Selena Gomez.<\/p>\n<p>N\u00eb nj\u00eb intervist\u00eb t\u00eb fundit p\u00ebr numrin e \u201cInnovators\u201d t\u00eb <em>WSJ. Magazine<\/em>, botuar t\u00eb mart\u00ebn, m\u00eb 14 tetor, themeluesja 28-vje\u00e7are e Rhode Beauty u shpreh se nuk ka pasur asnj\u00eb lidhje me thashethemet p\u00ebr ndonj\u00eb dram\u00eb mes saj dhe \u00a0Gomez.<\/p>\n<p>\u201c<em>\u00cbsht\u00eb gjithmon\u00eb e bezdisshme kur t\u00eb v\u00ebn\u00eb p\u00ebrball\u00eb me njer\u00ebz t\u00eb tjer\u00eb. Un\u00eb nuk e kam k\u00ebrkuar k\u00ebt\u00eb,\u201d<\/em> tha Hailey.<\/p>\n<p>Intervista e saj u zhvillua vet\u00ebm pak or\u00eb para se Rhode t\u00eb niste zyrtarisht bashk\u00ebpunimin me Sephora \u2013 t\u00eb nj\u00ebjt\u00ebn rrjet ku shitet edhe Rare Beauty e Selena Gomez.<\/p>\n<p>Selena, e cila u martua me producentin Benny Blanco m\u00eb 27 shtator 2025, ka qen\u00eb n\u00eb nj\u00eb marr\u00ebdh\u00ebnie t\u00eb njohur publike me Justin Bieber q\u00eb nga viti 2011.<\/p>\n<p>Nd\u00ebrkoh\u00eb, Hailey dhe Justin jan\u00eb bashk\u00eb q\u00eb nga fundi i vitit 2015 dhe tashm\u00eb jan\u00eb prind\u00ebr t\u00eb nj\u00eb djali t\u00eb quajtur Jack Blues, lindur n\u00eb gusht 2024.<\/p>\n<p><em>\u201cKur njer\u00ebzit duan t\u00eb t\u00eb shohin n\u00eb nj\u00eb m\u00ebnyr\u00eb t\u00eb caktuar dhe kan\u00eb krijuar nj\u00eb histori n\u00eb mendjen e tyre, nuk \u00ebsht\u00eb detyra jote ta ndryshosh at\u00eb,\u201d<\/em> u shpreh Hailey n\u00eb intervist\u00eb.<\/p>\n<p>Edhe pse thashethemet p\u00ebr xhelozi dhe p\u00ebr\u00e7arje mes dy femrave kan\u00eb qarkulluar p\u00ebr vite me radh\u00eb, ato kan\u00eb tentuar disa her\u00eb t\u00eb tregojn\u00eb publikisht se nuk ka asnj\u00eb konflikt mes tyre.<\/p>\n<p>N\u00eb tetor 2022, Selena dhe Hailey pozuan bashk\u00eb p\u00ebr nj\u00eb foto n\u00eb Galan\u00eb Vjetore t\u00eb Muzeut t\u00eb Kinemas\u00eb n\u00eb Los Anxhelos \u2013 nj\u00eb moment q\u00eb fansat e interpretuan si shenj\u00eb paqeje.<\/p>\n<p>Por Hailey ka qen\u00eb e drejtp\u00ebrdrejt\u00eb ndaj kritik\u00ebve dhe teorive t\u00eb fansave: \u201c<em>K\u00ebto spekulime jan\u00eb t\u00eb neveritshme, t\u00eb rrezikshme dhe krejt\u00ebsisht t\u00eb pav\u00ebrteta,\u201d<\/em> tha ajo n\u00eb nj\u00eb intervist\u00eb p\u00ebr <em>The Circuit<\/em> t\u00eb Bloomberg n\u00eb qershor 2023.<\/p>\n<p><em>\u201cE kam urryer q\u00eb n\u00eb fillim dhe kjo vjen nga t\u00eb qenit e keqkuptuar. Her\u00eb pas here them se nuk ka asnj\u00eb problem, dhe prap\u00eb njer\u00ebzit sillen k\u00ebshtu \u2013 p\u00ebr nj\u00eb burr\u00eb.\u201d<\/em><\/p>\n\n<p>The post <a href=\"https:\/\/lapsi.al\/2025\/10\/17\/hailey-bieber-jam-e-lodhur-nga-situata-me-selena-n\/\">Hailey Bieber: \u201cJam e lodhur nga situata me Selena-n<\/a> appeared first on <a href=\"https:\/\/lapsi.al\/\">Lapsi.al<\/a>.<\/p>","protected":false},"excerpt":{"rendered":"<p>Hailey Bieber ka reaguar ndaj spekulimeve p\u00ebr ndonj\u00eb konflikt me Selena Gomez. N\u00eb nj\u00eb intervist\u00eb t\u00eb fundit p\u00ebr numrin e \u201cInnovators\u201d t\u00eb WSJ. Magazine, botuar t\u00eb mart\u00ebn, m\u00eb 14 tetor, themeluesja 28-vje\u00e7are e Rhode Beauty u shpreh se nuk ka pasur asnj\u00eb lidhje me thashethemet p\u00ebr ndonj\u00eb dram\u00eb mes saj dhe \u00a0Gomez. \u201c\u00cbsht\u00eb gjithmon\u00eb e [&hellip;]<\/p>\n","protected":false},"author":0,"featured_media":0,"comment_status":"open","ping_status":"open","sticky":false,"template":"","format":"standard","meta":{"footnotes":""},"categories":[1],"tags":[],"class_list":["post-47029","post","type-post","status-publish","format-standard","hentry","category-uncategorized"],"_links":{"self":[{"href":"https:\/\/zennihost.com\/test\/wp-json\/wp\/v2\/posts\/47029","targetHints":{"allow":["GET"]}}],"collection":[{"href":"https:\/\/zennihost.com\/test\/wp-json\/wp\/v2\/posts"}],"about":[{"href":"https:\/\/zennihost.com\/test\/wp-json\/wp\/v2\/types\/post"}],"replies":[{"embeddable":true,"href":"https:\/\/zennihost.com\/test\/wp-json\/wp\/v2\/comments?post=47029"}],"version-history":[{"count":0,"href":"https:\/\/zennihost.com\/test\/wp-json\/wp\/v2\/posts\/47029\/revisions"}],"wp:attachment":[{"href":"https:\/\/zennihost.com\/test\/wp-json\/wp\/v2\/media?parent=47029"}],"wp:term":[{"taxonomy":"category","embeddable":true,"href":"https:\/\/zennihost.com\/test\/wp-json\/wp\/v2\/categories?post=47029"},{"taxonomy":"post_tag","embeddable":true,"href":"https:\/\/zennihost.com\/test\/wp-json\/wp\/v2\/tags?post=47029"}],"curies":[{"name":"wp","href":"https:\/\/api.w.org\/{rel}","templated":true}]}}