{"id":47028,"date":"2025-10-17T15:03:06","date_gmt":"2025-10-17T15:03:06","guid":{"rendered":"https:\/\/zennihost.com\/test\/2025\/10\/17\/nis-protesta-ne-mbeshtetje-te-uck-se-djali-i-hashim-thacit-mes-pjesemarresve\/"},"modified":"2025-10-17T15:03:06","modified_gmt":"2025-10-17T15:03:06","slug":"nis-protesta-ne-mbeshtetje-te-uck-se-djali-i-hashim-thacit-mes-pjesemarresve","status":"publish","type":"post","link":"https:\/\/zennihost.com\/test\/2025\/10\/17\/nis-protesta-ne-mbeshtetje-te-uck-se-djali-i-hashim-thacit-mes-pjesemarresve\/","title":{"rendered":"Nis protesta n\u00eb mb\u00ebshtetje t\u00eb U\u00c7K-s\u00eb\/ Djali i Hashim Tha\u00e7it mes pjes\u00ebmarr\u00ebsve"},"content":{"rendered":"<p>Djali i ish-Presidentit t\u00eb Kosov\u00ebs, Hashim Tha\u00e7i, Endrit Tha\u00e7i \u00ebsht\u00eb nj\u00eb prej pjes\u00ebmarr\u00ebsve n\u00eb protest\u00ebn n\u00eb mb\u00ebshtetje t\u00eb U\u00c7K-s\u00eb n\u00eb Tiran\u00eb dit\u00ebn e sotme.<\/p>\n<p>Ai \u00ebsht\u00eb shfaqur duke veshur simbole t\u00eb Ushtris\u00eb \u00c7lirimtare t\u00eb Kosov\u00ebs, nd\u00ebrsa shoq\u00ebrohet edhe nga deputeti socialist Taulant Balla.<\/p>\n<p>Kujtojm\u00eb se Hashim Tha\u00e7i \u00ebsht\u00eb nj\u00eb prej 4 ish-drejtuesve t\u00eb U\u00c7K-s\u00eb q\u00eb prej vitesh tashm\u00eb mbahen n\u00eb Hag\u00eb m\u00eb kuad\u00ebr t\u00eb nj\u00eb procesi t\u00eb nisur n\u00eb vitin 2020 prej tyre.<\/p>\n<p>The post <a href=\"https:\/\/lapsi.al\/2025\/10\/17\/nis-protesta-ne-mbeshtetje-te-uck-se-djali-i-hashim-thacit-mes-pjesemarresve\/\">Nis protesta n\u00eb mb\u00ebshtetje t\u00eb U\u00c7K-s\u00eb\/ Djali i Hashim Tha\u00e7it mes pjes\u00ebmarr\u00ebsve<\/a> appeared first on <a href=\"https:\/\/lapsi.al\/\">Lapsi.al<\/a>.<\/p>","protected":false},"excerpt":{"rendered":"<p>Djali i ish-Presidentit t\u00eb Kosov\u00ebs, Hashim Tha\u00e7i, Endrit Tha\u00e7i \u00ebsht\u00eb nj\u00eb prej pjes\u00ebmarr\u00ebsve n\u00eb protest\u00ebn n\u00eb mb\u00ebshtetje t\u00eb U\u00c7K-s\u00eb n\u00eb Tiran\u00eb dit\u00ebn e sotme. Ai \u00ebsht\u00eb shfaqur duke veshur simbole t\u00eb Ushtris\u00eb \u00c7lirimtare t\u00eb Kosov\u00ebs, nd\u00ebrsa shoq\u00ebrohet edhe nga deputeti socialist Taulant Balla. Kujtojm\u00eb se Hashim Tha\u00e7i \u00ebsht\u00eb nj\u00eb prej 4 ish-drejtuesve t\u00eb U\u00c7K-s\u00eb q\u00eb [&hellip;]<\/p>\n","protected":false},"author":0,"featured_media":0,"comment_status":"open","ping_status":"open","sticky":false,"template":"","format":"standard","meta":{"footnotes":""},"categories":[1],"tags":[],"class_list":["post-47028","post","type-post","status-publish","format-standard","hentry","category-uncategorized"],"_links":{"self":[{"href":"https:\/\/zennihost.com\/test\/wp-json\/wp\/v2\/posts\/47028","targetHints":{"allow":["GET"]}}],"collection":[{"href":"https:\/\/zennihost.com\/test\/wp-json\/wp\/v2\/posts"}],"about":[{"href":"https:\/\/zennihost.com\/test\/wp-json\/wp\/v2\/types\/post"}],"replies":[{"embeddable":true,"href":"https:\/\/zennihost.com\/test\/wp-json\/wp\/v2\/comments?post=47028"}],"version-history":[{"count":0,"href":"https:\/\/zennihost.com\/test\/wp-json\/wp\/v2\/posts\/47028\/revisions"}],"wp:attachment":[{"href":"https:\/\/zennihost.com\/test\/wp-json\/wp\/v2\/media?parent=47028"}],"wp:term":[{"taxonomy":"category","embeddable":true,"href":"https:\/\/zennihost.com\/test\/wp-json\/wp\/v2\/categories?post=47028"},{"taxonomy":"post_tag","embeddable":true,"href":"https:\/\/zennihost.com\/test\/wp-json\/wp\/v2\/tags?post=47028"}],"curies":[{"name":"wp","href":"https:\/\/api.w.org\/{rel}","templated":true}]}}