{"id":47027,"date":"2025-10-17T15:08:40","date_gmt":"2025-10-17T15:08:40","guid":{"rendered":"https:\/\/zennihost.com\/test\/2025\/10\/17\/berisha-publikon-videon-e-arrestimit-te-aldo-avdylit\/"},"modified":"2025-10-17T15:08:40","modified_gmt":"2025-10-17T15:08:40","slug":"berisha-publikon-videon-e-arrestimit-te-aldo-avdylit","status":"publish","type":"post","link":"https:\/\/zennihost.com\/test\/2025\/10\/17\/berisha-publikon-videon-e-arrestimit-te-aldo-avdylit\/","title":{"rendered":"Berisha publikon videon e arrestimit t\u00eb Aldo Avdylit"},"content":{"rendered":"<p>Personi q\u00eb shihet n\u00eb videon m\u00eb posht\u00eb \u00ebsht\u00eb Aldo Avdyli, vras\u00ebs me pages\u00eb, i arrestuar disa dit\u00eb m\u00eb par\u00eb. Ndaj tij r\u00ebndojn\u00eb akuza t\u00eb r\u00ebnda dhe dyshimet jan\u00eb se ka kryer disa nga ekzekutimet m\u00eb t\u00eb bujshme t\u00eb ndodhura vitet e fundit, sipas porosive q\u00eb vinin n\u00eb grupin e Avdylajve. N\u00eb filmimin e shp\u00ebrndar\u00eb nga kreu i PD, Sali Berisha Avdyli d\u00ebgjohet q\u00eb i drejtohet personit q\u00eb e filmon dhe q\u00eb Berisha thot\u00eb se \u00ebsht\u00eb i lidhur me grupin e \u201cPoj\u00ebs\u201d, nj\u00eb tjet\u00ebr band\u00eb e zon\u00ebs s\u00eb Durr\u00ebsit dhe q\u00eb sipas opozit\u00ebs ka lidhje t\u00eb ngushta me qeverin\u00eb.<\/p>\n\n<p>The post <a href=\"https:\/\/lapsi.al\/2025\/10\/17\/berisha-publikon-videon-e-arrestimit-te-aldo-avdylit\/\">Berisha publikon videon e arrestimit t\u00eb Aldo Avdylit<\/a> appeared first on <a href=\"https:\/\/lapsi.al\/\">Lapsi.al<\/a>.<\/p>","protected":false},"excerpt":{"rendered":"<p>Personi q\u00eb shihet n\u00eb videon m\u00eb posht\u00eb \u00ebsht\u00eb Aldo Avdyli, vras\u00ebs me pages\u00eb, i arrestuar disa dit\u00eb m\u00eb par\u00eb. Ndaj tij r\u00ebndojn\u00eb akuza t\u00eb r\u00ebnda dhe dyshimet jan\u00eb se ka kryer disa nga ekzekutimet m\u00eb t\u00eb bujshme t\u00eb ndodhura vitet e fundit, sipas porosive q\u00eb vinin n\u00eb grupin e Avdylajve. N\u00eb filmimin e shp\u00ebrndar\u00eb nga [&hellip;]<\/p>\n","protected":false},"author":0,"featured_media":0,"comment_status":"open","ping_status":"open","sticky":false,"template":"","format":"standard","meta":{"footnotes":""},"categories":[1],"tags":[],"class_list":["post-47027","post","type-post","status-publish","format-standard","hentry","category-uncategorized"],"_links":{"self":[{"href":"https:\/\/zennihost.com\/test\/wp-json\/wp\/v2\/posts\/47027","targetHints":{"allow":["GET"]}}],"collection":[{"href":"https:\/\/zennihost.com\/test\/wp-json\/wp\/v2\/posts"}],"about":[{"href":"https:\/\/zennihost.com\/test\/wp-json\/wp\/v2\/types\/post"}],"replies":[{"embeddable":true,"href":"https:\/\/zennihost.com\/test\/wp-json\/wp\/v2\/comments?post=47027"}],"version-history":[{"count":0,"href":"https:\/\/zennihost.com\/test\/wp-json\/wp\/v2\/posts\/47027\/revisions"}],"wp:attachment":[{"href":"https:\/\/zennihost.com\/test\/wp-json\/wp\/v2\/media?parent=47027"}],"wp:term":[{"taxonomy":"category","embeddable":true,"href":"https:\/\/zennihost.com\/test\/wp-json\/wp\/v2\/categories?post=47027"},{"taxonomy":"post_tag","embeddable":true,"href":"https:\/\/zennihost.com\/test\/wp-json\/wp\/v2\/tags?post=47027"}],"curies":[{"name":"wp","href":"https:\/\/api.w.org\/{rel}","templated":true}]}}