{"id":47026,"date":"2025-10-17T15:17:29","date_gmt":"2025-10-17T15:17:29","guid":{"rendered":"https:\/\/zennihost.com\/test\/2025\/10\/17\/mbeshtetje-per-uck-ne-mesazhet-qe-percjellin-qytetaret-nga-kosova-ne-tirane\/"},"modified":"2025-10-17T15:17:29","modified_gmt":"2025-10-17T15:17:29","slug":"mbeshtetje-per-uck-ne-mesazhet-qe-percjellin-qytetaret-nga-kosova-ne-tirane","status":"publish","type":"post","link":"https:\/\/zennihost.com\/test\/2025\/10\/17\/mbeshtetje-per-uck-ne-mesazhet-qe-percjellin-qytetaret-nga-kosova-ne-tirane\/","title":{"rendered":"Mb\u00ebshtetje p\u00ebr U\u00c7K-n\u00eb\/ Mesazhet q\u00eb p\u00ebrcjellin qytetar\u00ebt nga Kosova n\u00eb Tiran\u00eb"},"content":{"rendered":"<p>Protestues nga qytete t\u00eb ndryshme nga Kosova, Shqip\u00ebria dhe Europa tanim\u00eb jan\u00eb mbledhur n\u00eb sheshin \u201cSk\u00ebnderbej\u201d, n\u00eb Tiran\u00eb.<\/p>\n<p>Ata k\u00ebrkuar t\u00eb lirohen \u00e7lirimtar\u00ebt pasi po mbahen padrejt\u00ebsisht n\u00eb Hag\u00eb. Sami Hoti nga Rugova e Gjakov\u00ebs kan\u00eb vendos t\u00eb vin\u00eb n\u00eb protest\u00eb p\u00ebr shkak t\u00eb padrejt\u00ebsis\u00eb ndaj \u00e7lirimtar\u00ebve.<\/p>\n<p>\u201cT\u00eb lirohen sa m\u00eb shpejt\u00eb se po mbahen padrejt\u00ebsisht dhe i b\u00ebj apel t\u00eb gjith\u00eb shqiptar\u00ebve, ai q\u00eb e ndien vet\u00ebn shqiptar t\u00eb na bashk\u00ebngjiten n\u00eb k\u00ebt\u00eb protest\u00eb\u201d, tha ai.<\/p>\n<p>Muhamet Beqiri nga Skenderaj tha se sot i madh e i vog\u00ebl duhet t\u00eb jet\u00eb n\u00eb k\u00ebt\u00eb shesh t\u00eb mrekulluesh\u00ebm p\u00ebr k\u00ebt\u00eb protest\u00eb t\u00eb mrekullueshme.<\/p>\n<p>\u201cMesazhi i im dhe i gjith\u00eb k\u00ebtyre sa m\u00eb shpejt t\u00eb lirohen t\u00eb pafajshmit, le t\u00eb arrestohen udbashat q\u00eb kan\u00eb vrar\u00eb e kan\u00eb masakruar\u201d, tha ai.<\/p>\n<p>E qytetari nga Tirana, Aliu thekson se ka dalur n\u00eb k\u00ebt\u00eb protest\u00eb p\u00ebr gjakun e shqiptar\u00ebve.<\/p>\n<p>\u201cT\u00eb lirohen ushtar\u00ebt e U\u00c7K-s\u00eb. Nuk kam ardhur p\u00ebr politikan\u00ebt se k\u00ebta jan\u00eb t\u00eb gjith\u00eb t\u00eb korruptuar por kam ardhur p\u00ebr gjak shqiptar\u201d, tha ai<\/p>\n<p>Kurse, nj\u00eb qytetar nga Vushtrria tha se popullit t\u00eb Kosov\u00ebs \u00ebsht\u00eb duke iu b\u00ebr\u00eb padrejt\u00ebsi, pasi n\u00ebse d\u00ebnohet U\u00c7K-ja d\u00ebnohet i gjith\u00eb populli shqiptar.<\/p>\n<p>\u201cJemi n\u00eb p\u00ebrkrahje t\u00eb \u00e7lirimtar\u00ebve, fal tyre sot Kosova po g\u00ebzon lirsh\u00ebm, fal tyre f\u00ebmij\u00ebt shkojn\u00eb n\u00eb shkoll\u00eb lirsh\u00ebm, fal tyre \u00e7do infrastruktur\u00eb, \u00e7do arritje q\u00eb \u00ebsht\u00eb b\u00ebr\u00eb fal tyre, duke fillua prej policis\u00eb, ushtris\u00eb prej t\u00eb gjithave i kemi fal \u00e7lirimtar\u00ebve\u2026.nj\u00eb her\u00eb e p\u00ebrgjithmon\u00eb t\u00eb vendoset drejt\u00ebsia n\u00eb vend. Pa luft\u00ebs kemi pas padrejt\u00ebsi ndaj Haradinajt, Limajt pas andej ka ndodhur gjykata e UNMIK-ut q\u00eb ka qen inkriminuese, e padrejt\u00eb, tani EULEX, tash nj\u00eb gjykat\u00eb e specializuar me urdh\u00ebr me d\u00ebshmit\u00eb t\u00eb falsifikuara nga Serbia\u201d, tha ai.<\/p>\n<p>Protesta n\u00eb Tiran\u00eb organizohet nga Organizata e Veteran\u00ebve t\u00eb Luft\u00ebs s\u00eb Ushtris\u00eb \u00c7lirimtare t\u00eb Kosov\u00ebs (OVL-U\u00c7K). Gjat\u00eb dit\u00ebs s\u00eb djeshme n\u00eb konferenc\u00eb p\u00ebr media kan\u00eb njoftuar se nga Kosova do t\u00eb nisen mbi 60 autobus\u00eb.<\/p>\n<p>The post <a href=\"https:\/\/lapsi.al\/2025\/10\/17\/mbeshtetje-per-uck-ne-mesazhet-qe-percjellin-qytetaret-nga-kosova-ne-tirane\/\">Mb\u00ebshtetje p\u00ebr U\u00c7K-n\u00eb\/ Mesazhet q\u00eb p\u00ebrcjellin qytetar\u00ebt nga Kosova n\u00eb Tiran\u00eb<\/a> appeared first on <a href=\"https:\/\/lapsi.al\/\">Lapsi.al<\/a>.<\/p>","protected":false},"excerpt":{"rendered":"<p>Protestues nga qytete t\u00eb ndryshme nga Kosova, Shqip\u00ebria dhe Europa tanim\u00eb jan\u00eb mbledhur n\u00eb sheshin \u201cSk\u00ebnderbej\u201d, n\u00eb Tiran\u00eb. Ata k\u00ebrkuar t\u00eb lirohen \u00e7lirimtar\u00ebt pasi po mbahen padrejt\u00ebsisht n\u00eb Hag\u00eb. Sami Hoti nga Rugova e Gjakov\u00ebs kan\u00eb vendos t\u00eb vin\u00eb n\u00eb protest\u00eb p\u00ebr shkak t\u00eb padrejt\u00ebsis\u00eb ndaj \u00e7lirimtar\u00ebve. \u201cT\u00eb lirohen sa m\u00eb shpejt\u00eb se po mbahen [&hellip;]<\/p>\n","protected":false},"author":0,"featured_media":0,"comment_status":"open","ping_status":"open","sticky":false,"template":"","format":"standard","meta":{"footnotes":""},"categories":[1],"tags":[],"class_list":["post-47026","post","type-post","status-publish","format-standard","hentry","category-uncategorized"],"_links":{"self":[{"href":"https:\/\/zennihost.com\/test\/wp-json\/wp\/v2\/posts\/47026","targetHints":{"allow":["GET"]}}],"collection":[{"href":"https:\/\/zennihost.com\/test\/wp-json\/wp\/v2\/posts"}],"about":[{"href":"https:\/\/zennihost.com\/test\/wp-json\/wp\/v2\/types\/post"}],"replies":[{"embeddable":true,"href":"https:\/\/zennihost.com\/test\/wp-json\/wp\/v2\/comments?post=47026"}],"version-history":[{"count":0,"href":"https:\/\/zennihost.com\/test\/wp-json\/wp\/v2\/posts\/47026\/revisions"}],"wp:attachment":[{"href":"https:\/\/zennihost.com\/test\/wp-json\/wp\/v2\/media?parent=47026"}],"wp:term":[{"taxonomy":"category","embeddable":true,"href":"https:\/\/zennihost.com\/test\/wp-json\/wp\/v2\/categories?post=47026"},{"taxonomy":"post_tag","embeddable":true,"href":"https:\/\/zennihost.com\/test\/wp-json\/wp\/v2\/tags?post=47026"}],"curies":[{"name":"wp","href":"https:\/\/api.w.org\/{rel}","templated":true}]}}