{"id":47023,"date":"2025-10-17T15:48:18","date_gmt":"2025-10-17T15:48:18","guid":{"rendered":"https:\/\/zennihost.com\/test\/2025\/10\/17\/bujar-leskaj-i-pd-se-thyen-urdhrin-e-berishes-merr-pjese-ne-protesten-e-uck-se\/"},"modified":"2025-10-17T15:48:18","modified_gmt":"2025-10-17T15:48:18","slug":"bujar-leskaj-i-pd-se-thyen-urdhrin-e-berishes-merr-pjese-ne-protesten-e-uck-se","status":"publish","type":"post","link":"https:\/\/zennihost.com\/test\/2025\/10\/17\/bujar-leskaj-i-pd-se-thyen-urdhrin-e-berishes-merr-pjese-ne-protesten-e-uck-se\/","title":{"rendered":"Bujar Leskaj i PD-s\u00eb \u201cthyen\u201d urdhrin e Berish\u00ebs, merr pjes\u00eb n\u00eb protest\u00ebn e U\u00c7K-s\u00eb"},"content":{"rendered":"<p>Bujar Leskaj, deputeti i PD p\u00ebr Vlor\u00ebn, molri pjes\u00eb n\u00eb protest\u00ebn e zhvilluar n\u00eb Tiran\u00eb n\u00eb mb\u00ebshtetje t\u00eb ish-krer\u00ebve t\u00eb U\u00c7K-s\u00eb q\u00eb ndodhen n\u00eb paraburgim n\u00eb Hag\u00eb.<\/p>\n<p>Pas njoftimit se PD nuk do marr\u00eb pjes\u00eb n\u00eb k\u00ebt\u00eb protest\u00eb, Leskaj me sa duket ka thyer k\u00ebt\u00eb urdh\u00ebr politik.<\/p>\n<p>\u201cJam k\u00ebtu p\u00ebr respekt t\u00eb Hashim Tha\u00e7it, drejtuesit politik t\u00eb U\u00c7K-s\u00eb\u201d, tha ai.<\/p>\n<p>The post <a href=\"https:\/\/lexo.al\/2025\/10\/bujar-leskaj-i-pd-se-thyen-urdhrin-e-berishes-merr-pjese-ne-protesten-e-uck-se\/\">Bujar Leskaj i PD-s\u00eb \u201cthyen\u201d urdhrin e Berish\u00ebs, merr pjes\u00eb n\u00eb protest\u00ebn e U\u00c7K-s\u00eb<\/a> appeared first on <a href=\"https:\/\/lexo.al\/\">www.lexo.al<\/a>.<\/p>","protected":false},"excerpt":{"rendered":"<p>Bujar Leskaj, deputeti i PD p\u00ebr Vlor\u00ebn, molri pjes\u00eb n\u00eb protest\u00ebn e zhvilluar n\u00eb Tiran\u00eb n\u00eb mb\u00ebshtetje t\u00eb ish-krer\u00ebve t\u00eb U\u00c7K-s\u00eb q\u00eb ndodhen n\u00eb paraburgim n\u00eb Hag\u00eb. Pas njoftimit se PD nuk do marr\u00eb pjes\u00eb n\u00eb k\u00ebt\u00eb protest\u00eb, Leskaj me sa duket ka thyer k\u00ebt\u00eb urdh\u00ebr politik. \u201cJam k\u00ebtu p\u00ebr respekt t\u00eb Hashim Tha\u00e7it, drejtuesit [&hellip;]<\/p>\n","protected":false},"author":0,"featured_media":0,"comment_status":"open","ping_status":"open","sticky":false,"template":"","format":"standard","meta":{"footnotes":""},"categories":[1],"tags":[],"class_list":["post-47023","post","type-post","status-publish","format-standard","hentry","category-uncategorized"],"_links":{"self":[{"href":"https:\/\/zennihost.com\/test\/wp-json\/wp\/v2\/posts\/47023","targetHints":{"allow":["GET"]}}],"collection":[{"href":"https:\/\/zennihost.com\/test\/wp-json\/wp\/v2\/posts"}],"about":[{"href":"https:\/\/zennihost.com\/test\/wp-json\/wp\/v2\/types\/post"}],"replies":[{"embeddable":true,"href":"https:\/\/zennihost.com\/test\/wp-json\/wp\/v2\/comments?post=47023"}],"version-history":[{"count":0,"href":"https:\/\/zennihost.com\/test\/wp-json\/wp\/v2\/posts\/47023\/revisions"}],"wp:attachment":[{"href":"https:\/\/zennihost.com\/test\/wp-json\/wp\/v2\/media?parent=47023"}],"wp:term":[{"taxonomy":"category","embeddable":true,"href":"https:\/\/zennihost.com\/test\/wp-json\/wp\/v2\/categories?post=47023"},{"taxonomy":"post_tag","embeddable":true,"href":"https:\/\/zennihost.com\/test\/wp-json\/wp\/v2\/tags?post=47023"}],"curies":[{"name":"wp","href":"https:\/\/api.w.org\/{rel}","templated":true}]}}