{"id":47022,"date":"2025-10-17T15:48:18","date_gmt":"2025-10-17T15:48:18","guid":{"rendered":"https:\/\/zennihost.com\/test\/2025\/10\/17\/kandidatja-e-tiranes-per-ps-manastirliu-merr-pjese-ne-protesten-e-uck\/"},"modified":"2025-10-17T15:48:18","modified_gmt":"2025-10-17T15:48:18","slug":"kandidatja-e-tiranes-per-ps-manastirliu-merr-pjese-ne-protesten-e-uck","status":"publish","type":"post","link":"https:\/\/zennihost.com\/test\/2025\/10\/17\/kandidatja-e-tiranes-per-ps-manastirliu-merr-pjese-ne-protesten-e-uck\/","title":{"rendered":"Kandidatja e Tiran\u00ebs p\u00ebr PS Manastirliu merr pjes\u00eb n\u00eb protest\u00ebn e U\u00c7K"},"content":{"rendered":"<p>Ogerta Manastirliu, kandidatja e PS-s\u00eb p\u00ebr Bashkin\u00eb e Tiran\u00ebs, i \u00ebsht\u00eb bashkuar protest\u00ebs n\u00eb mb\u00ebshtetje t\u00eb U\u00c7K-s\u00eb. Ajo \u00ebsht\u00eb par\u00eb pran\u00eb djalit t\u00eb Hashim Tha\u00e7it.<\/p>\n<p>Nd\u00ebrkoh\u00eb, ajo q\u00eb ka r\u00ebn\u00eb n\u00eb sy \u00ebsht\u00eb se tre deputet\u00eb t\u00eb opozit\u00ebs kan\u00eb thyer urdhrin e Sali Berish\u00ebs dhe kan\u00eb marr\u00eb pjes\u00eb n\u00eb protest\u00eb: Bujar Leskaj, Agron Duka dhe Fatmir Mediu.<\/p>\n<p>The post <a href=\"https:\/\/lexo.al\/2025\/10\/kandidatja-e-tiranes-per-ps-manastirliu-merr-pjese-ne-protesten-e-uck\/\">Kandidatja e Tiran\u00ebs p\u00ebr PS Manastirliu merr pjes\u00eb n\u00eb protest\u00ebn e U\u00c7K<\/a> appeared first on <a href=\"https:\/\/lexo.al\/\">www.lexo.al<\/a>.<\/p>","protected":false},"excerpt":{"rendered":"<p>Ogerta Manastirliu, kandidatja e PS-s\u00eb p\u00ebr Bashkin\u00eb e Tiran\u00ebs, i \u00ebsht\u00eb bashkuar protest\u00ebs n\u00eb mb\u00ebshtetje t\u00eb U\u00c7K-s\u00eb. Ajo \u00ebsht\u00eb par\u00eb pran\u00eb djalit t\u00eb Hashim Tha\u00e7it. Nd\u00ebrkoh\u00eb, ajo q\u00eb ka r\u00ebn\u00eb n\u00eb sy \u00ebsht\u00eb se tre deputet\u00eb t\u00eb opozit\u00ebs kan\u00eb thyer urdhrin e Sali Berish\u00ebs dhe kan\u00eb marr\u00eb pjes\u00eb n\u00eb protest\u00eb: Bujar Leskaj, Agron Duka dhe [&hellip;]<\/p>\n","protected":false},"author":0,"featured_media":0,"comment_status":"open","ping_status":"open","sticky":false,"template":"","format":"standard","meta":{"footnotes":""},"categories":[1],"tags":[],"class_list":["post-47022","post","type-post","status-publish","format-standard","hentry","category-uncategorized"],"_links":{"self":[{"href":"https:\/\/zennihost.com\/test\/wp-json\/wp\/v2\/posts\/47022","targetHints":{"allow":["GET"]}}],"collection":[{"href":"https:\/\/zennihost.com\/test\/wp-json\/wp\/v2\/posts"}],"about":[{"href":"https:\/\/zennihost.com\/test\/wp-json\/wp\/v2\/types\/post"}],"replies":[{"embeddable":true,"href":"https:\/\/zennihost.com\/test\/wp-json\/wp\/v2\/comments?post=47022"}],"version-history":[{"count":0,"href":"https:\/\/zennihost.com\/test\/wp-json\/wp\/v2\/posts\/47022\/revisions"}],"wp:attachment":[{"href":"https:\/\/zennihost.com\/test\/wp-json\/wp\/v2\/media?parent=47022"}],"wp:term":[{"taxonomy":"category","embeddable":true,"href":"https:\/\/zennihost.com\/test\/wp-json\/wp\/v2\/categories?post=47022"},{"taxonomy":"post_tag","embeddable":true,"href":"https:\/\/zennihost.com\/test\/wp-json\/wp\/v2\/tags?post=47022"}],"curies":[{"name":"wp","href":"https:\/\/api.w.org\/{rel}","templated":true}]}}