{"id":47021,"date":"2025-10-17T15:48:17","date_gmt":"2025-10-17T15:48:17","guid":{"rendered":"https:\/\/zennihost.com\/test\/2025\/10\/17\/tirana-jehon-kuqezi-nga-protesta-per-ish-kreret-e-uck-se\/"},"modified":"2025-10-17T15:48:17","modified_gmt":"2025-10-17T15:48:17","slug":"tirana-jehon-kuqezi-nga-protesta-per-ish-kreret-e-uck-se","status":"publish","type":"post","link":"https:\/\/zennihost.com\/test\/2025\/10\/17\/tirana-jehon-kuqezi-nga-protesta-per-ish-kreret-e-uck-se\/","title":{"rendered":"Tirana jehon kuqezi nga protesta p\u00ebr ish-krer\u00ebt e U\u00c7K-s\u00eb"},"content":{"rendered":"<p>Me mij\u00ebra shqiptar\u00eb jan\u00eb mbledhur n\u00eb sheshin \u201cSk\u00ebnd\u00ebrbej\u201d p\u00ebr t\u00eb protestuar p\u00ebr ish-krer\u00ebt e U\u00c7K-s\u00eb q\u00eb mban n\u00eb qeli n\u00eb Hag\u00eb. I gjith\u00eb sheshi \u00ebsht\u00eb i mbushur me flamuj kuqezi e flamujt e U\u00c7K-s\u00eb, nd\u00ebrsa Report Tv sjell k\u00ebto pamje me dron, ku dallohet q\u00eb sheshi \u00ebsht\u00eb mbushur me qindra shqiptar\u00eb nga t\u00eb gjitha trevat.<\/p>\n<p>The post <a href=\"https:\/\/lexo.al\/2025\/10\/tirana-jehon-kuqezi-nga-protesta-per-ish-kreret-e-uck-se\/\">Tirana jehon kuqezi nga protesta p\u00ebr ish-krer\u00ebt e U\u00c7K-s\u00eb<\/a> appeared first on <a href=\"https:\/\/lexo.al\/\">www.lexo.al<\/a>.<\/p>","protected":false},"excerpt":{"rendered":"<p>Me mij\u00ebra shqiptar\u00eb jan\u00eb mbledhur n\u00eb sheshin \u201cSk\u00ebnd\u00ebrbej\u201d p\u00ebr t\u00eb protestuar p\u00ebr ish-krer\u00ebt e U\u00c7K-s\u00eb q\u00eb mban n\u00eb qeli n\u00eb Hag\u00eb. I gjith\u00eb sheshi \u00ebsht\u00eb i mbushur me flamuj kuqezi e flamujt e U\u00c7K-s\u00eb, nd\u00ebrsa Report Tv sjell k\u00ebto pamje me dron, ku dallohet q\u00eb sheshi \u00ebsht\u00eb mbushur me qindra shqiptar\u00eb nga t\u00eb gjitha trevat. [&hellip;]<\/p>\n","protected":false},"author":0,"featured_media":0,"comment_status":"open","ping_status":"open","sticky":false,"template":"","format":"standard","meta":{"footnotes":""},"categories":[1],"tags":[],"class_list":["post-47021","post","type-post","status-publish","format-standard","hentry","category-uncategorized"],"_links":{"self":[{"href":"https:\/\/zennihost.com\/test\/wp-json\/wp\/v2\/posts\/47021","targetHints":{"allow":["GET"]}}],"collection":[{"href":"https:\/\/zennihost.com\/test\/wp-json\/wp\/v2\/posts"}],"about":[{"href":"https:\/\/zennihost.com\/test\/wp-json\/wp\/v2\/types\/post"}],"replies":[{"embeddable":true,"href":"https:\/\/zennihost.com\/test\/wp-json\/wp\/v2\/comments?post=47021"}],"version-history":[{"count":0,"href":"https:\/\/zennihost.com\/test\/wp-json\/wp\/v2\/posts\/47021\/revisions"}],"wp:attachment":[{"href":"https:\/\/zennihost.com\/test\/wp-json\/wp\/v2\/media?parent=47021"}],"wp:term":[{"taxonomy":"category","embeddable":true,"href":"https:\/\/zennihost.com\/test\/wp-json\/wp\/v2\/categories?post=47021"},{"taxonomy":"post_tag","embeddable":true,"href":"https:\/\/zennihost.com\/test\/wp-json\/wp\/v2\/tags?post=47021"}],"curies":[{"name":"wp","href":"https:\/\/api.w.org\/{rel}","templated":true}]}}