{"id":47020,"date":"2025-10-17T15:48:17","date_gmt":"2025-10-17T15:48:17","guid":{"rendered":"https:\/\/zennihost.com\/test\/2025\/10\/17\/protesta-ne-tirane-per-uck-ne-reagon-edi-rama-video\/"},"modified":"2025-10-17T15:48:17","modified_gmt":"2025-10-17T15:48:17","slug":"protesta-ne-tirane-per-uck-ne-reagon-edi-rama-video","status":"publish","type":"post","link":"https:\/\/zennihost.com\/test\/2025\/10\/17\/protesta-ne-tirane-per-uck-ne-reagon-edi-rama-video\/","title":{"rendered":"Protesta n\u00eb Tiran\u00eb p\u00ebr U\u00c7K-n\u00eb\/ Reagon Edi Rama (VIDEO)"},"content":{"rendered":"<p>Kryeministri Edi Rama ka reaguar p\u00ebr protest\u00ebn n\u00eb mb\u00ebshtetje t\u00eb U\u00c7K-s\u00eb q\u00eb u mbajt n\u00eb Tiran\u00eb. <\/p>\n<p>Ai ka shp\u00ebrndar\u00eb nj\u00eb video nga tubimi, duke shprehur q\u00ebndrimin e tij n\u00eb rrjetet sociale.<\/p>\n<div> <a href=\"https:\/\/www.instagram.com\/reel\/DP6kmrLDARW\/?utm_source=ig_embed&amp;utm_campaign=loading\" target=\"_blank\"> \n<div>\n<div><\/div>\n<div>\n<div><\/div>\n<div><\/div>\n<\/div>\n<\/div>\n<div><\/div>\n<div><\/div>\n<div>\n<div>View this post on Instagram<\/div>\n<\/div>\n<div><\/div>\n<div>\n<div>\n<div><\/div>\n<div><\/div>\n<div><\/div>\n<\/div>\n<div>\n<div><\/div>\n<div><\/div>\n<\/div>\n<div>\n<div><\/div>\n<div><\/div>\n<div><\/div>\n<\/div>\n<\/div>\n<div>\n<div><\/div>\n<div><\/div>\n<\/div>\n<p><\/p><\/a>\n<p><a href=\"https:\/\/www.instagram.com\/reel\/DP6kmrLDARW\/?utm_source=ig_embed&amp;utm_campaign=loading\" target=\"_blank\">A post shared by Edi Rama (@ediramaal)<\/a><\/p>\n<\/div>\n<p>The post <a href=\"https:\/\/lexo.al\/2025\/10\/protesta-ne-tirane-per-uck-ne-reagon-edi-rama-video\/\">Protesta n\u00eb Tiran\u00eb p\u00ebr U\u00c7K-n\u00eb\/ Reagon Edi Rama (VIDEO)<\/a> appeared first on <a href=\"https:\/\/lexo.al\/\">www.lexo.al<\/a>.<\/p>","protected":false},"excerpt":{"rendered":"<p>Kryeministri Edi Rama ka reaguar p\u00ebr protest\u00ebn n\u00eb mb\u00ebshtetje t\u00eb U\u00c7K-s\u00eb q\u00eb u mbajt n\u00eb Tiran\u00eb. Ai ka shp\u00ebrndar\u00eb nj\u00eb video nga tubimi, duke shprehur q\u00ebndrimin e tij n\u00eb rrjetet sociale. View this post on Instagram A post shared by Edi Rama (@ediramaal) The post Protesta n\u00eb Tiran\u00eb p\u00ebr U\u00c7K-n\u00eb\/ Reagon Edi Rama (VIDEO) appeared [&hellip;]<\/p>\n","protected":false},"author":0,"featured_media":0,"comment_status":"open","ping_status":"open","sticky":false,"template":"","format":"standard","meta":{"footnotes":""},"categories":[1],"tags":[],"class_list":["post-47020","post","type-post","status-publish","format-standard","hentry","category-uncategorized"],"_links":{"self":[{"href":"https:\/\/zennihost.com\/test\/wp-json\/wp\/v2\/posts\/47020","targetHints":{"allow":["GET"]}}],"collection":[{"href":"https:\/\/zennihost.com\/test\/wp-json\/wp\/v2\/posts"}],"about":[{"href":"https:\/\/zennihost.com\/test\/wp-json\/wp\/v2\/types\/post"}],"replies":[{"embeddable":true,"href":"https:\/\/zennihost.com\/test\/wp-json\/wp\/v2\/comments?post=47020"}],"version-history":[{"count":0,"href":"https:\/\/zennihost.com\/test\/wp-json\/wp\/v2\/posts\/47020\/revisions"}],"wp:attachment":[{"href":"https:\/\/zennihost.com\/test\/wp-json\/wp\/v2\/media?parent=47020"}],"wp:term":[{"taxonomy":"category","embeddable":true,"href":"https:\/\/zennihost.com\/test\/wp-json\/wp\/v2\/categories?post=47020"},{"taxonomy":"post_tag","embeddable":true,"href":"https:\/\/zennihost.com\/test\/wp-json\/wp\/v2\/tags?post=47020"}],"curies":[{"name":"wp","href":"https:\/\/api.w.org\/{rel}","templated":true}]}}