{"id":47019,"date":"2025-10-17T15:48:17","date_gmt":"2025-10-17T15:48:17","guid":{"rendered":"https:\/\/zennihost.com\/test\/2025\/10\/17\/perparim-rama-vjen-ne-tirane-kreret-e-uck-s-te-qendojne-te-forte\/"},"modified":"2025-10-17T15:48:17","modified_gmt":"2025-10-17T15:48:17","slug":"perparim-rama-vjen-ne-tirane-kreret-e-uck-s-te-qendojne-te-forte","status":"publish","type":"post","link":"https:\/\/zennihost.com\/test\/2025\/10\/17\/perparim-rama-vjen-ne-tirane-kreret-e-uck-s-te-qendojne-te-forte\/","title":{"rendered":"P\u00ebrparim Rama vjen n\u00eb Tiran\u00eb: Krer\u00ebt e U\u00c7K-s t\u00eb q\u00ebndojn\u00eb t\u00eb fort\u00eb"},"content":{"rendered":"<p>Kryebashkiaku i Prishtin\u00ebs P\u00ebrparim Rama ka mb\u00ebrritur n\u00eb protest\u00ebn p\u00ebr mb\u00ebshtetje t\u00eb U\u00c7K-s n\u00eb Tiran\u00eb. Gjat\u00eb fjal\u00ebs s\u00eb tij p\u00ebr mediat, Rama ka deklaruar se ai b\u00ebson n\u00eb drejt\u00ebsi dhe se krer\u00ebt e U\u00c7K-s duhet t\u00eb q\u00ebndrojn\u00eb t\u00eb fort\u00eb.<\/p>\n<p>\u201cUn\u00eb besoj n\u00eb drejt\u00ebsi, besoj n\u00eb liri dhe besoj se ata jan\u00eb t\u00eb past\u00ebr, besoj n\u00eb past\u00ebrin\u00eb e vlerave t\u00eb Ushtris\u00eb \u00c7lirimtare t\u00eb Kosov\u00ebs. Ata duhet q\u00eb t\u00eb q\u00ebndrojn\u00eb t\u00eb fort\u00eb sepse do t\u00eb lirorohen shum\u00eb shpejt\u201d, tha ai.<\/p>\n<p>The post <a href=\"https:\/\/lexo.al\/2025\/10\/perparim-rama-vjen-ne-tirane-kreret-e-uck-s-te-qendojne-te-forte\/\">P\u00ebrparim Rama vjen n\u00eb Tiran\u00eb: Krer\u00ebt e U\u00c7K-s t\u00eb q\u00ebndojn\u00eb t\u00eb fort\u00eb<\/a> appeared first on <a href=\"https:\/\/lexo.al\/\">www.lexo.al<\/a>.<\/p>","protected":false},"excerpt":{"rendered":"<p>Kryebashkiaku i Prishtin\u00ebs P\u00ebrparim Rama ka mb\u00ebrritur n\u00eb protest\u00ebn p\u00ebr mb\u00ebshtetje t\u00eb U\u00c7K-s n\u00eb Tiran\u00eb. Gjat\u00eb fjal\u00ebs s\u00eb tij p\u00ebr mediat, Rama ka deklaruar se ai b\u00ebson n\u00eb drejt\u00ebsi dhe se krer\u00ebt e U\u00c7K-s duhet t\u00eb q\u00ebndrojn\u00eb t\u00eb fort\u00eb. \u201cUn\u00eb besoj n\u00eb drejt\u00ebsi, besoj n\u00eb liri dhe besoj se ata jan\u00eb t\u00eb past\u00ebr, besoj n\u00eb [&hellip;]<\/p>\n","protected":false},"author":0,"featured_media":0,"comment_status":"open","ping_status":"open","sticky":false,"template":"","format":"standard","meta":{"footnotes":""},"categories":[1],"tags":[],"class_list":["post-47019","post","type-post","status-publish","format-standard","hentry","category-uncategorized"],"_links":{"self":[{"href":"https:\/\/zennihost.com\/test\/wp-json\/wp\/v2\/posts\/47019","targetHints":{"allow":["GET"]}}],"collection":[{"href":"https:\/\/zennihost.com\/test\/wp-json\/wp\/v2\/posts"}],"about":[{"href":"https:\/\/zennihost.com\/test\/wp-json\/wp\/v2\/types\/post"}],"replies":[{"embeddable":true,"href":"https:\/\/zennihost.com\/test\/wp-json\/wp\/v2\/comments?post=47019"}],"version-history":[{"count":0,"href":"https:\/\/zennihost.com\/test\/wp-json\/wp\/v2\/posts\/47019\/revisions"}],"wp:attachment":[{"href":"https:\/\/zennihost.com\/test\/wp-json\/wp\/v2\/media?parent=47019"}],"wp:term":[{"taxonomy":"category","embeddable":true,"href":"https:\/\/zennihost.com\/test\/wp-json\/wp\/v2\/categories?post=47019"},{"taxonomy":"post_tag","embeddable":true,"href":"https:\/\/zennihost.com\/test\/wp-json\/wp\/v2\/tags?post=47019"}],"curies":[{"name":"wp","href":"https:\/\/api.w.org\/{rel}","templated":true}]}}