{"id":47018,"date":"2025-10-17T15:48:16","date_gmt":"2025-10-17T15:48:16","guid":{"rendered":"https:\/\/zennihost.com\/test\/2025\/10\/17\/denohet-me-10-vite-burg-robert-myftari-akuzohej-per-trafik-droge\/"},"modified":"2025-10-17T15:48:16","modified_gmt":"2025-10-17T15:48:16","slug":"denohet-me-10-vite-burg-robert-myftari-akuzohej-per-trafik-droge","status":"publish","type":"post","link":"https:\/\/zennihost.com\/test\/2025\/10\/17\/denohet-me-10-vite-burg-robert-myftari-akuzohej-per-trafik-droge\/","title":{"rendered":"Denohet me 10 vite burg Robert Myftari, akuzohej p\u00ebr trafik droge"},"content":{"rendered":"<p>Gjykata e Posa\u00e7me e Shkall\u00ebs s\u00eb Par\u00eb p\u00ebr Korrupsionin dhe Krimin e Organizuar (GJKKO) ka shpallur sot vendimin ndaj t\u00eb pandehurit Robert Myftari, duke e d\u00ebnuar at\u00eb me 10 vjet burgim p\u00ebr akuzat e r\u00ebnda t\u00eb trafikimit t\u00eb narkotik\u00ebve dhe pjes\u00ebmarrjes n\u00eb grup t\u00eb strukturuar kriminal.<\/p>\n<div class=\"jeg_ad jeg_ad_article jnews_content_inline_ads  \">\n<div class=\"ads-wrapper align-center \">\n<div class=\"ads_code\"><\/div>\n<\/div>\n<\/div>\n<p>Pas shqyrtimit t\u00eb provave dhe zhvillimit t\u00eb procesit me rregullat e gjykimit t\u00eb zakonsh\u00ebm, trupi gjykues i p\u00ebrb\u00ebr\u00eb nga gjyqtar\u00ebt Albert Me\u00e7a, Luljeta Kole dhe Gentian Marku, vendosi shpalljen fajtor t\u00eb Myftarit p\u00ebr veprat penale:<\/p>\n<p>\u201cTrafikimi i narkotik\u00ebve\u201d n\u00eb bashk\u00ebpunim, n\u00eb kuad\u00ebr t\u00eb nj\u00eb grupi t\u00eb strukturuar kriminal, mbetur n\u00eb tentativ\u00eb; \u201cGrupi i strukturuar kriminal\u201d; \u201cKryerja e veprave penale nga organizata kriminale dhe grupi i strukturuar kriminal\u201d.<\/p>\n<div class=\"trc_related_container tbl-trecs-container trc_spotlight_widget trc_elastic trc_elastic_sc-ma-balkanweb\">\n<div class=\"trc_rbox_container\">\n<div class=\"trc_rbox sc-ma-balkanweb trc-content-sponsored\">\n<div class=\"trc_rbox_outer\">\n<div class=\"trc_rbox_div trc_rbox_border_elm\">\n<div>\n<div class=\"videoCube trc_spotlight_item origin-default textItem thumbnail_top videoCube_1_child syndicatedItem trc-first-recommendation trc-spotlight-first-recommendation trc_excludable\">\n<div class=\"thumbBlock_holder\">\n<p>Gjykata vendosi q\u00eb d\u00ebnimi t\u00eb kryhet n\u00eb nj\u00eb burg t\u00eb siguris\u00eb s\u00eb lart\u00eb, dhe fillon nga dita e arrestimit t\u00eb tij.<\/p>\n<\/div>\n<\/div>\n<\/div>\n<\/div>\n<\/div>\n<\/div>\n<\/div>\n<\/div>\n<p>P\u00ebrve\u00e7 d\u00ebnimit me burgim, GJKKO vendosi edhe konfiskimin dhe kalimin n\u00eb favor t\u00eb shtetit t\u00eb mjetit lundrues (gomone) me t\u00eb cil\u00ebn dyshohet se \u00ebsht\u00eb tentuar t\u00eb kryhet veprimtaria kriminale. Ky mjet lundrues ishte sekuestruar nga policia shqiptare n\u00eb n\u00ebntor t\u00eb vitit 2015 me nj\u00eb ngarkes\u00eb prej rreth 800 kg l\u00ebnd\u00eb narkotike.<\/p>\n<p>Megjith\u00ebse fillimisht ishte n\u00eb em\u00ebr t\u00eb Robert Myftarit dhe m\u00eb pas ishte regjistruar n\u00eb em\u00ebr t\u00eb djalit t\u00eb bashk\u00ebpandehurit Ilirjan Du\u00e7ellari, gjykata urdh\u00ebroi konfiskimin e tij bazuar n\u00eb Kodin Penal dhe at\u00eb t\u00eb Procedur\u00ebs Penale.<\/p>\n\n<p><strong>gijotina.com\/<\/strong><\/p>\n<p>The post <a href=\"https:\/\/gijotina.com\/denohet-me-10-vite-burg-robert-myftari-akuzohej-per-trafik-droge\/\">Denohet me 10 vite burg Robert Myftari, akuzohej p\u00ebr trafik droge<\/a> appeared first on <a href=\"https:\/\/gijotina.com\/\">GIJOTINA<\/a>.<\/p>","protected":false},"excerpt":{"rendered":"<p>Gjykata e Posa\u00e7me e Shkall\u00ebs s\u00eb Par\u00eb p\u00ebr Korrupsionin dhe Krimin e Organizuar (GJKKO) ka shpallur sot vendimin ndaj t\u00eb pandehurit Robert Myftari, duke e d\u00ebnuar at\u00eb me 10 vjet burgim p\u00ebr akuzat e r\u00ebnda t\u00eb trafikimit t\u00eb narkotik\u00ebve dhe pjes\u00ebmarrjes n\u00eb grup t\u00eb strukturuar kriminal. Pas shqyrtimit t\u00eb provave dhe zhvillimit t\u00eb procesit me [&hellip;]<\/p>\n","protected":false},"author":0,"featured_media":0,"comment_status":"open","ping_status":"open","sticky":false,"template":"","format":"standard","meta":{"footnotes":""},"categories":[1],"tags":[],"class_list":["post-47018","post","type-post","status-publish","format-standard","hentry","category-uncategorized"],"_links":{"self":[{"href":"https:\/\/zennihost.com\/test\/wp-json\/wp\/v2\/posts\/47018","targetHints":{"allow":["GET"]}}],"collection":[{"href":"https:\/\/zennihost.com\/test\/wp-json\/wp\/v2\/posts"}],"about":[{"href":"https:\/\/zennihost.com\/test\/wp-json\/wp\/v2\/types\/post"}],"replies":[{"embeddable":true,"href":"https:\/\/zennihost.com\/test\/wp-json\/wp\/v2\/comments?post=47018"}],"version-history":[{"count":0,"href":"https:\/\/zennihost.com\/test\/wp-json\/wp\/v2\/posts\/47018\/revisions"}],"wp:attachment":[{"href":"https:\/\/zennihost.com\/test\/wp-json\/wp\/v2\/media?parent=47018"}],"wp:term":[{"taxonomy":"category","embeddable":true,"href":"https:\/\/zennihost.com\/test\/wp-json\/wp\/v2\/categories?post=47018"},{"taxonomy":"post_tag","embeddable":true,"href":"https:\/\/zennihost.com\/test\/wp-json\/wp\/v2\/tags?post=47018"}],"curies":[{"name":"wp","href":"https:\/\/api.w.org\/{rel}","templated":true}]}}