{"id":47016,"date":"2025-10-17T15:48:15","date_gmt":"2025-10-17T15:48:15","guid":{"rendered":"https:\/\/zennihost.com\/test\/2025\/10\/17\/ganimete-musliu-ne-protesten-ne-tirane-pa-uck-ne-sot-nuk-do-te-ishim-bashke-ne-shesh\/"},"modified":"2025-10-17T15:48:15","modified_gmt":"2025-10-17T15:48:15","slug":"ganimete-musliu-ne-protesten-ne-tirane-pa-uck-ne-sot-nuk-do-te-ishim-bashke-ne-shesh","status":"publish","type":"post","link":"https:\/\/zennihost.com\/test\/2025\/10\/17\/ganimete-musliu-ne-protesten-ne-tirane-pa-uck-ne-sot-nuk-do-te-ishim-bashke-ne-shesh\/","title":{"rendered":"Ganimete Musliu n\u00eb protest\u00ebn n\u00eb Tiran\u00eb: Pa U\u00c7K-n\u00eb, sot nuk do t\u00eb ishim bashk\u00eb n\u00eb shesh"},"content":{"rendered":"<p>Deputetja e LDK-s\u00eb n\u00eb Kuvendin e Kosov\u00ebs, Ganimete Musliu, ishte sot pjes\u00eb e protest\u00ebs n\u00eb sheshin \u201cSk\u00ebnderbej\u201d n\u00eb Tiran\u00eb, ku qytetar\u00eb nga Shqip\u00ebria dhe Kosova k\u00ebrkuan lirimin e krer\u00ebve t\u00eb Ushtris\u00eb \u00c7lirimtare t\u00eb Kosov\u00ebs, t\u00eb cil\u00ebt po gjykohen n\u00eb Hag\u00eb.<\/p>\n<p>Musliu theksoi se protesta \u00ebsht\u00eb nj\u00eb z\u00eb i drejt\u00ebsis\u00eb kund\u00ebr padrejt\u00ebsis\u00eb, dhe se shqiptar\u00ebt duhet t\u00eb jen\u00eb t\u00eb bashkuar p\u00ebrtej politik\u00ebs kur b\u00ebhet fjal\u00eb p\u00ebr historin\u00eb dhe dinjitetin komb\u00ebtar.<\/p>\n<p>\u201cKur b\u00ebhet padrejt\u00ebsi, duhet t\u00eb flas\u00eb populli. Populli shqiptar sot po flet p\u00ebr padrejt\u00ebsin\u00eb q\u00eb po u b\u00ebhet krer\u00ebve t\u00eb U\u00c7K-s\u00eb n\u00eb Hag\u00eb. Heronjt\u00eb tan\u00eb nuk kan\u00eb b\u00ebr\u00eb krime \u2013 ata kan\u00eb mbrojtur tokat tona. Krimet i ka b\u00ebr\u00eb Serbia,\u201d deklaroi ajo.<\/p>\n<p>Deputetja e LDK-s\u00eb u b\u00ebri thirrje t\u00eb gjitha forcave politike q\u00eb t\u00eb l\u00ebn\u00eb pas ndasit\u00eb dhe t\u00eb rreshtohen n\u00eb nj\u00eb z\u00eb p\u00ebr U\u00c7K-n\u00eb, t\u00eb cil\u00ebn e cil\u00ebsoi \u201cmbi \u00e7do parti dhe mbi \u00e7do interes personal.\u201d<\/p>\n<p>\u201cMadh\u00ebshtia e k\u00ebsaj proteste \u00ebsht\u00eb se Ushtria \u00c7lirimtare e Kosov\u00ebs \u00ebsht\u00eb mbi \u00e7do parti politike. Prandaj sot, m\u00eb lejoni ta fal\u00ebnderoj p\u00ebrzem\u00ebrsisht edhe kryeministrin shqiptar Edi Rama, i cili ka qen\u00eb kund\u00ebr k\u00ebsaj gjykate q\u00eb nga fillimi,\u201d u shpreh Musliu, duke vler\u00ebsuar mb\u00ebshtetjen e tij ndaj U\u00c7K-s\u00eb.<\/p>\n<p>N\u00eb fund t\u00eb fjal\u00ebs s\u00eb saj, Musliu tha se pa Ushtrin\u00eb \u00c7lirimtare, nuk do t\u00eb kishte as liri, as bashkim n\u00eb sheshe, as p\u00ebrqafim mes shqiptar\u00ebve, duke theksuar se pjes\u00ebmarrja n\u00eb protesta \u00ebsht\u00eb detyrim moral dhe komb\u00ebtar p\u00ebr \u00e7do shqiptar.<\/p>\n<p>The post <a href=\"https:\/\/gijotina.com\/ganimete-musliu-ne-protesten-ne-tirane-pa-uck-ne-sot-nuk-do-te-ishim-bashke-ne-shesh\/\">Ganimete Musliu n\u00eb protest\u00ebn n\u00eb Tiran\u00eb: Pa U\u00c7K-n\u00eb, sot nuk do t\u00eb ishim bashk\u00eb n\u00eb shesh<\/a> appeared first on <a href=\"https:\/\/gijotina.com\/\">GIJOTINA<\/a>.<\/p>","protected":false},"excerpt":{"rendered":"<p>Deputetja e LDK-s\u00eb n\u00eb Kuvendin e Kosov\u00ebs, Ganimete Musliu, ishte sot pjes\u00eb e protest\u00ebs n\u00eb sheshin \u201cSk\u00ebnderbej\u201d n\u00eb Tiran\u00eb, ku qytetar\u00eb nga Shqip\u00ebria dhe Kosova k\u00ebrkuan lirimin e krer\u00ebve t\u00eb Ushtris\u00eb \u00c7lirimtare t\u00eb Kosov\u00ebs, t\u00eb cil\u00ebt po gjykohen n\u00eb Hag\u00eb. Musliu theksoi se protesta \u00ebsht\u00eb nj\u00eb z\u00eb i drejt\u00ebsis\u00eb kund\u00ebr padrejt\u00ebsis\u00eb, dhe se shqiptar\u00ebt duhet [&hellip;]<\/p>\n","protected":false},"author":0,"featured_media":0,"comment_status":"open","ping_status":"open","sticky":false,"template":"","format":"standard","meta":{"footnotes":""},"categories":[1],"tags":[],"class_list":["post-47016","post","type-post","status-publish","format-standard","hentry","category-uncategorized"],"_links":{"self":[{"href":"https:\/\/zennihost.com\/test\/wp-json\/wp\/v2\/posts\/47016","targetHints":{"allow":["GET"]}}],"collection":[{"href":"https:\/\/zennihost.com\/test\/wp-json\/wp\/v2\/posts"}],"about":[{"href":"https:\/\/zennihost.com\/test\/wp-json\/wp\/v2\/types\/post"}],"replies":[{"embeddable":true,"href":"https:\/\/zennihost.com\/test\/wp-json\/wp\/v2\/comments?post=47016"}],"version-history":[{"count":0,"href":"https:\/\/zennihost.com\/test\/wp-json\/wp\/v2\/posts\/47016\/revisions"}],"wp:attachment":[{"href":"https:\/\/zennihost.com\/test\/wp-json\/wp\/v2\/media?parent=47016"}],"wp:term":[{"taxonomy":"category","embeddable":true,"href":"https:\/\/zennihost.com\/test\/wp-json\/wp\/v2\/categories?post=47016"},{"taxonomy":"post_tag","embeddable":true,"href":"https:\/\/zennihost.com\/test\/wp-json\/wp\/v2\/tags?post=47016"}],"curies":[{"name":"wp","href":"https:\/\/api.w.org\/{rel}","templated":true}]}}