{"id":47014,"date":"2025-10-17T15:48:15","date_gmt":"2025-10-17T15:48:15","guid":{"rendered":"https:\/\/zennihost.com\/test\/2025\/10\/17\/video-djali-i-hashim-thacit-endrit-thaci-ne-protesten-ne-tirane-ne-mbeshtetje-te-uck-se-e-shoqeron-taulant-balla\/"},"modified":"2025-10-17T15:48:15","modified_gmt":"2025-10-17T15:48:15","slug":"video-djali-i-hashim-thacit-endrit-thaci-ne-protesten-ne-tirane-ne-mbeshtetje-te-uck-se-e-shoqeron-taulant-balla","status":"publish","type":"post","link":"https:\/\/zennihost.com\/test\/2025\/10\/17\/video-djali-i-hashim-thacit-endrit-thaci-ne-protesten-ne-tirane-ne-mbeshtetje-te-uck-se-e-shoqeron-taulant-balla\/","title":{"rendered":"(VIDEO) Djali i Hashim Tha\u00e7it, Endrit Tha\u00e7i, n\u00eb protest\u00ebn n\u00eb Tiran\u00eb n\u00eb mb\u00ebshtetje t\u00eb U\u00c7K-s\u00eb, e shoq\u00ebron Taulant Balla"},"content":{"rendered":"<p>Endrit Tha\u00e7i, djali i ish-Presidentit t\u00eb Kosov\u00ebs, Hashim Tha\u00e7i, ishte sot pjes\u00eb e protest\u00ebs n\u00eb sheshin \u201cSk\u00ebnderbej\u201d n\u00eb Tiran\u00eb, e organizuar n\u00eb mb\u00ebshtetje t\u00eb krer\u00ebve t\u00eb Ushtris\u00eb \u00c7lirimtare t\u00eb Kosov\u00ebs q\u00eb po gjykohen n\u00eb Hag\u00eb.<\/p>\n<p>I veshur me simbolet e U\u00c7K-s\u00eb, Endrit Tha\u00e7i u shfaq n\u00eb mesin e protestuesve, i shoq\u00ebruar edhe nga deputeti i Partis\u00eb Socialiste, Taulant Balla, nj\u00eb prej zyrtar\u00ebve t\u00eb lart\u00eb t\u00eb mazhoranc\u00ebs q\u00eb ka shprehur publikisht mb\u00ebshtetje p\u00ebr ish-drejtuesit e U\u00c7K-s\u00eb.<\/p>\n<p>Protesta n\u00eb Tiran\u00eb u organizua si shprehje solidariteti ndaj Hashim Tha\u00e7it, Kadri Veselit, Jakup Krasniqit dhe Rexhep Selimit, t\u00eb cil\u00ebt ndodhen n\u00eb paraburgim n\u00eb Hag\u00eb prej vitit 2020, t\u00eb akuzuar p\u00ebr krime lufte dhe krime kund\u00ebr njer\u00ebzimit gjat\u00eb konfliktit n\u00eb Kosov\u00eb.<\/p>\n<p>Pjes\u00ebmarrja e djalit t\u00eb ish-presidentit n\u00eb protest\u00eb shihet si nj\u00eb mesazh i fort\u00eb simbolik n\u00eb nj\u00eb moment kur procesi gjyq\u00ebsor ndaj Tha\u00e7it dhe bashk\u00ebluft\u00ebtar\u00ebve t\u00eb tij ka hyr\u00eb n\u00eb nj\u00eb faz\u00eb vendimtare.<\/p>\n<div class=\"wp-video\"><a href=\"https:\/\/gijotina.com\/wp-content\/uploads\/2025\/10\/WhatsApp-Video-2025-10-17-at-4.45.22-PM-1.mp4\">https:\/\/gijotina.com\/wp-content\/uploads\/2025\/10\/WhatsApp-Video-2025-10-17-at-4.45.22-PM-1.mp4<\/a><\/div>\n<p>The post <a href=\"https:\/\/gijotina.com\/video-djali-i-hashim-thacit-endrit-thaci-ne-protesten-ne-tirane-ne-mbeshtetje-te-uck-se-e-shoqeron-taulant-balla\/\">(VIDEO) Djali i Hashim Tha\u00e7it, Endrit Tha\u00e7i, n\u00eb protest\u00ebn n\u00eb Tiran\u00eb n\u00eb mb\u00ebshtetje t\u00eb U\u00c7K-s\u00eb, e shoq\u00ebron Taulant Balla<\/a> appeared first on <a href=\"https:\/\/gijotina.com\/\">GIJOTINA<\/a>.<\/p>","protected":false},"excerpt":{"rendered":"<p>Endrit Tha\u00e7i, djali i ish-Presidentit t\u00eb Kosov\u00ebs, Hashim Tha\u00e7i, ishte sot pjes\u00eb e protest\u00ebs n\u00eb sheshin \u201cSk\u00ebnderbej\u201d n\u00eb Tiran\u00eb, e organizuar n\u00eb mb\u00ebshtetje t\u00eb krer\u00ebve t\u00eb Ushtris\u00eb \u00c7lirimtare t\u00eb Kosov\u00ebs q\u00eb po gjykohen n\u00eb Hag\u00eb. I veshur me simbolet e U\u00c7K-s\u00eb, Endrit Tha\u00e7i u shfaq n\u00eb mesin e protestuesve, i shoq\u00ebruar edhe nga deputeti i [&hellip;]<\/p>\n","protected":false},"author":0,"featured_media":0,"comment_status":"open","ping_status":"open","sticky":false,"template":"","format":"standard","meta":{"footnotes":""},"categories":[1],"tags":[],"class_list":["post-47014","post","type-post","status-publish","format-standard","hentry","category-uncategorized"],"_links":{"self":[{"href":"https:\/\/zennihost.com\/test\/wp-json\/wp\/v2\/posts\/47014","targetHints":{"allow":["GET"]}}],"collection":[{"href":"https:\/\/zennihost.com\/test\/wp-json\/wp\/v2\/posts"}],"about":[{"href":"https:\/\/zennihost.com\/test\/wp-json\/wp\/v2\/types\/post"}],"replies":[{"embeddable":true,"href":"https:\/\/zennihost.com\/test\/wp-json\/wp\/v2\/comments?post=47014"}],"version-history":[{"count":0,"href":"https:\/\/zennihost.com\/test\/wp-json\/wp\/v2\/posts\/47014\/revisions"}],"wp:attachment":[{"href":"https:\/\/zennihost.com\/test\/wp-json\/wp\/v2\/media?parent=47014"}],"wp:term":[{"taxonomy":"category","embeddable":true,"href":"https:\/\/zennihost.com\/test\/wp-json\/wp\/v2\/categories?post=47014"},{"taxonomy":"post_tag","embeddable":true,"href":"https:\/\/zennihost.com\/test\/wp-json\/wp\/v2\/tags?post=47014"}],"curies":[{"name":"wp","href":"https:\/\/api.w.org\/{rel}","templated":true}]}}