{"id":47012,"date":"2025-10-17T15:48:14","date_gmt":"2025-10-17T15:48:14","guid":{"rendered":"https:\/\/zennihost.com\/test\/2025\/10\/17\/hysni-gucati-ne-protesten-per-uck-ne-ne-tirane-gjykata-speciale-ka-humbur-besimin-e-shqiptareve-drejtesia-eshte-ne-anen-tone\/"},"modified":"2025-10-17T15:48:14","modified_gmt":"2025-10-17T15:48:14","slug":"hysni-gucati-ne-protesten-per-uck-ne-ne-tirane-gjykata-speciale-ka-humbur-besimin-e-shqiptareve-drejtesia-eshte-ne-anen-tone","status":"publish","type":"post","link":"https:\/\/zennihost.com\/test\/2025\/10\/17\/hysni-gucati-ne-protesten-per-uck-ne-ne-tirane-gjykata-speciale-ka-humbur-besimin-e-shqiptareve-drejtesia-eshte-ne-anen-tone\/","title":{"rendered":"Hysni Gucati n\u00eb protest\u00ebn p\u00ebr U\u00c7K-n\u00eb n\u00eb Tiran\u00eb: \u201cGjykata Speciale ka humbur besimin e shqiptar\u00ebve, drejt\u00ebsia \u00ebsht\u00eb n\u00eb an\u00ebn ton\u00eb\u201d"},"content":{"rendered":"<p>Kryetari i Organizat\u00ebs s\u00eb Veteran\u00ebve t\u00eb Luft\u00ebs s\u00eb U\u00c7K-s\u00eb, Hysni Gucati, ka nisur protest\u00ebn e zhvilluar sot n\u00eb sheshin \u201cSk\u00ebnderbej\u201d n\u00eb Tiran\u00eb, duke ngritur z\u00ebrin kund\u00ebr, si\u00e7 tha ai, padrejt\u00ebsive q\u00eb po u b\u00ebhen pes\u00eb krer\u00ebve t\u00eb Ushtris\u00eb \u00c7lirimtare t\u00eb Kosov\u00ebs q\u00eb ndodhen n\u00eb paraburgimin e Hag\u00ebs.<\/p>\n<p>N\u00eb fjal\u00ebn e tij para mij\u00ebra qytetar\u00ebve t\u00eb mbledhur nga t\u00eb gjitha trevat shqiptare, Gucati theksoi se kjo protest\u00eb nuk ka lidhje me politik\u00ebn, por \u00ebsht\u00eb nj\u00eb thirrje p\u00ebr drejt\u00ebsi ndaj atyre q\u00eb luftuan p\u00ebr lirin\u00eb e Kosov\u00ebs.<\/p>\n<p>\u201cNe sot po protestojm\u00eb p\u00ebr t\u00eb ngritur z\u00ebrin p\u00ebr drejt\u00ebsi. Jemi k\u00ebtu p\u00ebr t\u00eb mbrojtur luft\u00ebn e shenjt\u00eb t\u00eb U\u00c7K-s\u00eb dhe gjakun q\u00eb u derdh p\u00ebr liri. U\u00c7K nuk ka nevoj\u00eb t\u00eb d\u00ebshmoj\u00eb q\u00eb ishte ushtri \u00e7lirimtare \u2013 k\u00ebt\u00eb e ka d\u00ebshmuar historia dhe bota mbar\u00eb,\u201d \u2013 deklaroi Gucati.<\/p>\n<p>Ai shtoi se krimet e Serbis\u00eb jan\u00eb t\u00eb dokumentuara dhe t\u00eb njohura nd\u00ebrkomb\u00ebtarisht, nd\u00ebrsa proceset n\u00eb Hag\u00eb po p\u00ebrdoren p\u00ebr t\u00eb njollosur nj\u00eb luft\u00eb t\u00eb drejt\u00eb.<\/p>\n<p>\u201cGjykata Speciale ka humbur \u00e7do besim t\u00eb shqiptar\u00ebve. Proceset n\u00eb Hag\u00eb jan\u00eb t\u00eb nj\u00ebanshme dhe t\u00eb padrejta. Drejt\u00ebsia e v\u00ebrtet\u00eb nuk ka frik\u00eb nga e v\u00ebrteta,\u201d \u2013 theksoi ai.<\/p>\n<p>Duke v\u00ebn\u00eb n\u00eb dukje se Tirana \u00ebsht\u00eb kryeqyteti i t\u00eb gjith\u00eb shqiptar\u00ebve, Gucati tha se nuk do t\u00eb lejojn\u00eb q\u00eb t\u00eb p\u00ebrdhoset emri i atyre q\u00eb sakrifikuan p\u00ebr liri.<\/p>\n<p>Protesta e sotme u organizua n\u00eb mb\u00ebshtetje t\u00eb Hashim Tha\u00e7it, Kadri Veselit, Jakup Krasniqit, Rexhep Selimit dhe Nasim Haradinajt, t\u00eb cil\u00ebt po gjykohen nga Gjykata Speciale n\u00eb Hag\u00eb, me akuza p\u00ebr krime lufte.<\/p>\n<p>The post <a href=\"https:\/\/gijotina.com\/hysni-gucati-ne-protesten-per-uck-ne-ne-tirane-gjykata-speciale-ka-humbur-besimin-e-shqiptareve-drejtesia-eshte-ne-anen-tone\/\">Hysni Gucati n\u00eb protest\u00ebn p\u00ebr U\u00c7K-n\u00eb n\u00eb Tiran\u00eb: \u201cGjykata Speciale ka humbur besimin e shqiptar\u00ebve, drejt\u00ebsia \u00ebsht\u00eb n\u00eb an\u00ebn ton\u00eb\u201d<\/a> appeared first on <a href=\"https:\/\/gijotina.com\/\">GIJOTINA<\/a>.<\/p>","protected":false},"excerpt":{"rendered":"<p>Kryetari i Organizat\u00ebs s\u00eb Veteran\u00ebve t\u00eb Luft\u00ebs s\u00eb U\u00c7K-s\u00eb, Hysni Gucati, ka nisur protest\u00ebn e zhvilluar sot n\u00eb sheshin \u201cSk\u00ebnderbej\u201d n\u00eb Tiran\u00eb, duke ngritur z\u00ebrin kund\u00ebr, si\u00e7 tha ai, padrejt\u00ebsive q\u00eb po u b\u00ebhen pes\u00eb krer\u00ebve t\u00eb Ushtris\u00eb \u00c7lirimtare t\u00eb Kosov\u00ebs q\u00eb ndodhen n\u00eb paraburgimin e Hag\u00ebs. N\u00eb fjal\u00ebn e tij para mij\u00ebra qytetar\u00ebve t\u00eb [&hellip;]<\/p>\n","protected":false},"author":0,"featured_media":0,"comment_status":"open","ping_status":"open","sticky":false,"template":"","format":"standard","meta":{"footnotes":""},"categories":[1],"tags":[],"class_list":["post-47012","post","type-post","status-publish","format-standard","hentry","category-uncategorized"],"_links":{"self":[{"href":"https:\/\/zennihost.com\/test\/wp-json\/wp\/v2\/posts\/47012","targetHints":{"allow":["GET"]}}],"collection":[{"href":"https:\/\/zennihost.com\/test\/wp-json\/wp\/v2\/posts"}],"about":[{"href":"https:\/\/zennihost.com\/test\/wp-json\/wp\/v2\/types\/post"}],"replies":[{"embeddable":true,"href":"https:\/\/zennihost.com\/test\/wp-json\/wp\/v2\/comments?post=47012"}],"version-history":[{"count":0,"href":"https:\/\/zennihost.com\/test\/wp-json\/wp\/v2\/posts\/47012\/revisions"}],"wp:attachment":[{"href":"https:\/\/zennihost.com\/test\/wp-json\/wp\/v2\/media?parent=47012"}],"wp:term":[{"taxonomy":"category","embeddable":true,"href":"https:\/\/zennihost.com\/test\/wp-json\/wp\/v2\/categories?post=47012"},{"taxonomy":"post_tag","embeddable":true,"href":"https:\/\/zennihost.com\/test\/wp-json\/wp\/v2\/tags?post=47012"}],"curies":[{"name":"wp","href":"https:\/\/api.w.org\/{rel}","templated":true}]}}