{"id":47011,"date":"2025-10-17T15:48:14","date_gmt":"2025-10-17T15:48:14","guid":{"rendered":"https:\/\/zennihost.com\/test\/2025\/10\/17\/edhe-keshilli-i-integrimit-ne-duart-e-rames-bardhi-pushteti-se-ngop-me\/"},"modified":"2025-10-17T15:48:14","modified_gmt":"2025-10-17T15:48:14","slug":"edhe-keshilli-i-integrimit-ne-duart-e-rames-bardhi-pushteti-se-ngop-me","status":"publish","type":"post","link":"https:\/\/zennihost.com\/test\/2025\/10\/17\/edhe-keshilli-i-integrimit-ne-duart-e-rames-bardhi-pushteti-se-ngop-me\/","title":{"rendered":"\u201cEdhe K\u00ebshilli i Integrimit n\u00eb duart e Ram\u00ebs? Bardhi: Pushteti s\u2019e ngop m\u00eb\u201d"},"content":{"rendered":"<p>Kryetari i Grupit Parlamentar t\u00eb Partis\u00eb Demokratike, Gazment Bardhi, ka reaguar ashp\u00ebr pas ndryshimeve t\u00eb propozuara n\u00eb ligj q\u00eb prekin K\u00ebshillin Komb\u00ebtar t\u00eb Integrimit Europian (KKIE). Sipas Bardhit, mazhoranca synon t\u00eb marr\u00eb n\u00ebn kontroll edhe k\u00ebt\u00eb forum parlamentar, q\u00eb deri m\u00eb sot ka qen\u00eb i drejtuar nga opozita.<\/p>\n<p>N\u00eb nj\u00eb postim n\u00eb rrjetet sociale, Bardhi akuzon kryeministrin Edi Rama p\u00ebr nj\u00eb \u201cetje t\u00eb pashuar p\u00ebr pushtet\u201d dhe e cil\u00ebson vendimin p\u00ebr t\u00eb bashk\u00ebdrejtuar K\u00ebshillin e Integrimit si nj\u00eb hap t\u00eb rreziksh\u00ebm p\u00ebr funksionimin demokratik t\u00eb institucioneve.<\/p>\n<p>\u201cK\u00ebshilli i Integrimit nuk u krijua p\u00ebr t\u2019i sh\u00ebrbyer kryeministrit, por Shqip\u00ebris\u00eb \u2013 t\u00eb marr\u00eb zvarr\u00eb nga i nj\u00ebjti kryeminist\u00ebr q\u00eb vonoi 15 vjet nisjen e negociatave me BE-n\u00eb,\u201d shkruan Bardhi.<\/p>\n<p>Ai kujton se KKIE \u00ebsht\u00eb themeluar n\u00eb vitin 2015, sipas modelit kroat, p\u00ebr t\u00eb garantuar gjith\u00ebp\u00ebrfshirjen n\u00eb procesin e integrimit, si dhe p\u00ebr t\u00eb forcuar roli institucional i opozit\u00ebs n\u00eb nj\u00eb nga proceset m\u00eb t\u00eb r\u00ebnd\u00ebsishme p\u00ebr t\u00eb ardhmen e vendit.<\/p>\n<p>\u201cVet\u00ebm nj\u00eb i pangopur me pushtet mund t\u00eb k\u00ebrkoj\u00eb t\u00eb marr\u00eb n\u00ebn kontroll edhe nj\u00eb organiz\u00ebm parlamentar k\u00ebshillimor,\u201d vijon Bardhi, duke paralajm\u00ebruar se kjo qasje minon demokracin\u00eb dhe funksionimin korrekt t\u00eb parlamentit.<\/p>\n<p>N\u00eb fund t\u00eb reagimit t\u00eb tij, ai ironizon me nj\u00eb deklarat\u00eb t\u00eb drejtp\u00ebrdrejt\u00eb:<\/p>\n<p>\u201cMos u habisni kur Edi Rama t\u00eb doj\u00eb t\u00eb b\u00ebj\u00eb edhe pun\u00ebn e ambasadorit t\u00eb BE-s\u00eb n\u00eb Tiran\u00eb.\u201d<\/p>\n<p>Partia Demokratike e cil\u00ebson k\u00ebt\u00eb nism\u00eb si nj\u00eb regres t\u00eb papranuesh\u00ebm dhe paralajm\u00ebron se do ta kund\u00ebrshtoj\u00eb \u00e7do p\u00ebrpjekje p\u00ebr t\u00eb personalizuar procesin e integrimit europian, i cili sipas saj duhet t\u00eb mbetet gjith\u00ebp\u00ebrfshir\u00ebs, demokratik dhe i ndar\u00eb nga logjika e pushtetit absolut.<\/p>\n<p>\u00a0<\/p>\n<p>Postimi i plote:<\/p>\n<p>K\u00ebshilli Komb\u00ebtar i Integrimit Europian \u00ebsht\u00eb forumi m\u00eb i lart\u00eb k\u00ebshillimor p\u00ebr procesin e an\u00ebtar\u00ebsimit n\u00eb BE. Ai u krijua n\u00eb vitin 2015 sipas modelit kroat, jo si pron\u00eb e nj\u00eb partie, por p\u00ebr gjith\u00ebp\u00ebrfshirje n\u00eb proces, p\u00ebr rritje t\u00eb transparenc\u00ebs, p\u00ebr komunikim me publikun, p\u00ebr afirmim t\u00eb rolit t\u00eb opozit\u00ebs n\u00eb proces. P\u00ebr k\u00ebt\u00eb arsye, q\u00eb nga dita e par\u00eb, drejtimi i K\u00ebshillit i \u00ebsht\u00eb l\u00ebn\u00eb opozit\u00ebs. Por sot, Edi Rama ka k\u00ebrkuar t\u2019ia marr\u00eb edhe k\u00ebt\u00eb hap\u00ebsir\u00eb parlamentare opozit\u00ebs, duke k\u00ebrkuar bashk\u00ebdrejtimin e K\u00ebshillit t\u00eb Integrimit.<\/p>\n<p>Vet\u00ebm nj\u00eb i pangopur me pushtet mund t\u00eb k\u00ebrkoj\u00eb t\u00eb marr\u00eb n\u00ebn kontroll edhe nj\u00eb organiz\u00ebm parlamentar k\u00ebshillimor. T\u00eb mos mjaftohesh as me qeverin\u00eb, as me Kuvendin, as me pushtetin lokal dhe as me kontrollin e t\u00eb gjitha pushteteve n\u00eb vend, \u00ebsht\u00eb nj\u00eb obsesion i rreziksh\u00ebm i pushtetarit q\u00eb ka gjith\u00e7ka dhe nuk e k\u00ebnaq m\u00eb asgj\u00eb.<\/p>\n<p>K\u00ebshilli i Integrimit nuk u krijua p\u00ebr t\u2019i sh\u00ebrbyer kryeministrit, por Shqip\u00ebris\u00eb t\u00eb marr\u00eb zvarr\u00eb nga i nj\u00ebjti kryeminist\u00ebr, q\u00eb vonoi 15 vjet nisjen e negociatave t\u00eb an\u00ebtar\u00ebsimit me Bashkimin Europian.<\/p>\n<p>Me obsesionin e etjes s\u00eb pashuar p\u00ebr pushtet, mos u habisni kur Edi Rama t\u00eb doj\u00eb t\u00eb b\u00ebj\u00eb edhe pun\u00ebn e ambasadorit t\u00eb BE-s\u00eb n\u00eb Tiran\u00eb!<\/p>\n<p>P\u00ebr Grupin Parlamentar t\u00eb PD ky \u00ebsht\u00eb nj\u00eb regres i papranuesh\u00ebm n\u00eb hap\u00ebsir\u00ebn dhe rolin institucional q\u00eb ka opozita n\u00eb Kuvend dhe n\u00eb procesin e integrimit. Procesi i integrimit europian duhet t\u00eb mbetet gjith\u00ebp\u00ebrfshir\u00ebs dhe demokratik. \u00c7do p\u00ebrpjekje p\u00ebr ta kthyer n\u00eb pron\u00eb personale \u00ebsht\u00eb nj\u00eb hap prapa p\u00ebr vendin dhe nuk i sh\u00ebrben aspirat\u00ebs s\u00eb p\u00ebrbashk\u00ebt p\u00ebr an\u00ebtar\u00ebsim n\u00eb BE.<\/p>\n\n<p>The post <a href=\"https:\/\/gijotina.com\/bardhi-kunder-ndryshimeve-ne-keshillin-e-integrimit-rama-kerkon-te-marre-edhe-hapesirat-e-fundit-te-opozites\/\">\u201cEdhe K\u00ebshilli i Integrimit n\u00eb duart e Ram\u00ebs? Bardhi: Pushteti s\u2019e ngop m\u00eb\u201d<\/a> appeared first on <a href=\"https:\/\/gijotina.com\/\">GIJOTINA<\/a>.<\/p>","protected":false},"excerpt":{"rendered":"<p>Kryetari i Grupit Parlamentar t\u00eb Partis\u00eb Demokratike, Gazment Bardhi, ka reaguar ashp\u00ebr pas ndryshimeve t\u00eb propozuara n\u00eb ligj q\u00eb prekin K\u00ebshillin Komb\u00ebtar t\u00eb Integrimit Europian (KKIE). Sipas Bardhit, mazhoranca synon t\u00eb marr\u00eb n\u00ebn kontroll edhe k\u00ebt\u00eb forum parlamentar, q\u00eb deri m\u00eb sot ka qen\u00eb i drejtuar nga opozita. N\u00eb nj\u00eb postim n\u00eb rrjetet sociale, Bardhi [&hellip;]<\/p>\n","protected":false},"author":0,"featured_media":0,"comment_status":"open","ping_status":"open","sticky":false,"template":"","format":"standard","meta":{"footnotes":""},"categories":[1],"tags":[],"class_list":["post-47011","post","type-post","status-publish","format-standard","hentry","category-uncategorized"],"_links":{"self":[{"href":"https:\/\/zennihost.com\/test\/wp-json\/wp\/v2\/posts\/47011","targetHints":{"allow":["GET"]}}],"collection":[{"href":"https:\/\/zennihost.com\/test\/wp-json\/wp\/v2\/posts"}],"about":[{"href":"https:\/\/zennihost.com\/test\/wp-json\/wp\/v2\/types\/post"}],"replies":[{"embeddable":true,"href":"https:\/\/zennihost.com\/test\/wp-json\/wp\/v2\/comments?post=47011"}],"version-history":[{"count":0,"href":"https:\/\/zennihost.com\/test\/wp-json\/wp\/v2\/posts\/47011\/revisions"}],"wp:attachment":[{"href":"https:\/\/zennihost.com\/test\/wp-json\/wp\/v2\/media?parent=47011"}],"wp:term":[{"taxonomy":"category","embeddable":true,"href":"https:\/\/zennihost.com\/test\/wp-json\/wp\/v2\/categories?post=47011"},{"taxonomy":"post_tag","embeddable":true,"href":"https:\/\/zennihost.com\/test\/wp-json\/wp\/v2\/tags?post=47011"}],"curies":[{"name":"wp","href":"https:\/\/api.w.org\/{rel}","templated":true}]}}