{"id":47010,"date":"2025-10-17T15:48:13","date_gmt":"2025-10-17T15:48:13","guid":{"rendered":"https:\/\/zennihost.com\/test\/2025\/10\/17\/video-edi-rama-reagon-nga-protesta-ne-tirane-zemra-mal-per-uck-ne\/"},"modified":"2025-10-17T15:48:13","modified_gmt":"2025-10-17T15:48:13","slug":"video-edi-rama-reagon-nga-protesta-ne-tirane-zemra-mal-per-uck-ne","status":"publish","type":"post","link":"https:\/\/zennihost.com\/test\/2025\/10\/17\/video-edi-rama-reagon-nga-protesta-ne-tirane-zemra-mal-per-uck-ne\/","title":{"rendered":"(VIDEO) Edi Rama reagon nga protesta n\u00eb Tiran\u00eb: \u201cZemra mal\u201d p\u00ebr U\u00c7K-n\u00eb"},"content":{"rendered":"<p>Kryeministri Edi Rama ka reaguar\u00a0 nga protesta madh\u00ebshtore n\u00eb mb\u00ebshtetje t\u00eb Ushtris\u00eb \u00c7lirimtare t\u00eb Kosov\u00ebs, e cila u zhvillua n\u00eb sheshin \u201cSk\u00ebnderbej\u201d n\u00eb Tiran\u00eb, ku mij\u00ebra qytetar\u00eb nga t\u00eb gjitha trevat shqiptare u bashkuan p\u00ebr t\u00eb k\u00ebrkuar drejt\u00ebsi p\u00ebr ish-krer\u00ebt e U\u00c7K-s\u00eb t\u00eb gjykuar n\u00eb Hag\u00eb.<\/p>\n<p>P\u00ebrmes nj\u00eb postimi t\u00eb shkurt\u00ebr n\u00eb Facebook, Rama ndau emocionin e tij me ndjek\u00ebsit, duke shkruar:<\/p>\n<p>\u201cZemra mal \u201d<\/p>\n<p>Ky reagim vjen n\u00eb nj\u00eb koh\u00eb kur solidariteti me luft\u00ebtar\u00ebt e U\u00c7K-s\u00eb \u00ebsht\u00eb kthyer n\u00eb nj\u00eb \u00e7\u00ebshtje mbar\u00ebkomb\u00ebtare, nd\u00ebrsa n\u00eb Hag\u00eb vijon procesi gjyq\u00ebsor ndaj Hashim Tha\u00e7it, Kadri Veselit, Jakup Krasniqit, Rexhep Selimit dhe Nasim Haradinajt.<\/p>\n<p>Kujtojm\u00eb se Rama ka qen\u00eb kritik ndaj Gjykat\u00ebs Speciale, duke e cil\u00ebsuar at\u00eb n\u00eb disa raste si nj\u00eb proces q\u00eb nuk e trajton me drejt\u00ebsi luft\u00ebn \u00e7lirimtare t\u00eb Kosov\u00ebs.<\/p>\n<div class=\"wp-video\"><!--[if lt IE 9]&gt;document.createElement('video');&lt;![endif]--><br \/>\n<a href=\"https:\/\/gijotina.com\/wp-content\/uploads\/2025\/10\/AQNGomGQkMeOjYuMZXPyWUlegZTtM5fCZz4a8-ZG0reG6I6j6huCQOy6rrtSK3KuQcm4xInnWyVr7S2mIxERhBH9HLzoWvSI9Cngn23ypGUtgw.mp4\">https:\/\/gijotina.com\/wp-content\/uploads\/2025\/10\/AQNGomGQkMeOjYuMZXPyWUlegZTtM5fCZz4a8-ZG0reG6I6j6huCQOy6rrtSK3KuQcm4xInnWyVr7S2mIxERhBH9HLzoWvSI9Cngn23ypGUtgw.mp4<\/a><\/div>\n<p>The post <a href=\"https:\/\/gijotina.com\/video-edi-rama-reagon-nga-protesta-ne-tirane-zemra-mal-per-uck-ne\/\">(VIDEO) Edi Rama reagon nga protesta n\u00eb Tiran\u00eb: \u201cZemra mal\u201d p\u00ebr U\u00c7K-n\u00eb<\/a> appeared first on <a href=\"https:\/\/gijotina.com\/\">GIJOTINA<\/a>.<\/p>","protected":false},"excerpt":{"rendered":"<p>Kryeministri Edi Rama ka reaguar\u00a0 nga protesta madh\u00ebshtore n\u00eb mb\u00ebshtetje t\u00eb Ushtris\u00eb \u00c7lirimtare t\u00eb Kosov\u00ebs, e cila u zhvillua n\u00eb sheshin \u201cSk\u00ebnderbej\u201d n\u00eb Tiran\u00eb, ku mij\u00ebra qytetar\u00eb nga t\u00eb gjitha trevat shqiptare u bashkuan p\u00ebr t\u00eb k\u00ebrkuar drejt\u00ebsi p\u00ebr ish-krer\u00ebt e U\u00c7K-s\u00eb t\u00eb gjykuar n\u00eb Hag\u00eb. P\u00ebrmes nj\u00eb postimi t\u00eb shkurt\u00ebr n\u00eb Facebook, Rama ndau [&hellip;]<\/p>\n","protected":false},"author":0,"featured_media":0,"comment_status":"open","ping_status":"open","sticky":false,"template":"","format":"standard","meta":{"footnotes":""},"categories":[1],"tags":[],"class_list":["post-47010","post","type-post","status-publish","format-standard","hentry","category-uncategorized"],"_links":{"self":[{"href":"https:\/\/zennihost.com\/test\/wp-json\/wp\/v2\/posts\/47010","targetHints":{"allow":["GET"]}}],"collection":[{"href":"https:\/\/zennihost.com\/test\/wp-json\/wp\/v2\/posts"}],"about":[{"href":"https:\/\/zennihost.com\/test\/wp-json\/wp\/v2\/types\/post"}],"replies":[{"embeddable":true,"href":"https:\/\/zennihost.com\/test\/wp-json\/wp\/v2\/comments?post=47010"}],"version-history":[{"count":0,"href":"https:\/\/zennihost.com\/test\/wp-json\/wp\/v2\/posts\/47010\/revisions"}],"wp:attachment":[{"href":"https:\/\/zennihost.com\/test\/wp-json\/wp\/v2\/media?parent=47010"}],"wp:term":[{"taxonomy":"category","embeddable":true,"href":"https:\/\/zennihost.com\/test\/wp-json\/wp\/v2\/categories?post=47010"},{"taxonomy":"post_tag","embeddable":true,"href":"https:\/\/zennihost.com\/test\/wp-json\/wp\/v2\/tags?post=47010"}],"curies":[{"name":"wp","href":"https:\/\/api.w.org\/{rel}","templated":true}]}}