{"id":47009,"date":"2025-10-17T15:48:13","date_gmt":"2025-10-17T15:48:13","guid":{"rendered":"https:\/\/zennihost.com\/test\/2025\/10\/17\/liria-ka-emer-presidenti-begaj-uck-themeli-i-lirise-se-kosoves-dhe-krenaria-e-kombit-shqiptar\/"},"modified":"2025-10-17T15:48:13","modified_gmt":"2025-10-17T15:48:13","slug":"liria-ka-emer-presidenti-begaj-uck-themeli-i-lirise-se-kosoves-dhe-krenaria-e-kombit-shqiptar","status":"publish","type":"post","link":"https:\/\/zennihost.com\/test\/2025\/10\/17\/liria-ka-emer-presidenti-begaj-uck-themeli-i-lirise-se-kosoves-dhe-krenaria-e-kombit-shqiptar\/","title":{"rendered":"\u201cLiria ka em\u00ebr\u201d\/  Presidenti Begaj: U\u00c7K, themeli i liris\u00eb s\u00eb Kosov\u00ebs dhe krenaria e kombit shqiptar"},"content":{"rendered":"<p>Presidenti i Republik\u00ebs s\u00eb Shqip\u00ebris\u00eb, Bajram Begaj, ka reaguar pas protest\u00ebs s\u00eb zhvilluar sot n\u00eb sheshin \u201cSk\u00ebnderbej\u201d n\u00eb Tiran\u00eb, n\u00eb mb\u00ebshtetje t\u00eb krer\u00ebve t\u00eb Ushtris\u00eb \u00c7lirimtare t\u00eb Kosov\u00ebs, q\u00eb ndodhen n\u00eb paraburgim n\u00eb Hag\u00eb.<\/p>\n<p>N\u00eb nj\u00eb deklarat\u00eb publike, Presidenti Begaj thekson r\u00ebnd\u00ebsin\u00eb historike t\u00eb U\u00c7K-s\u00eb dhe rolin e saj n\u00eb \u00e7lirimin e Kosov\u00ebs, duke n\u00ebnvizuar se asgj\u00eb nuk mund ta zhb\u00ebj\u00eb kontributin e saj n\u00eb historin\u00eb komb\u00ebtare.<\/p>\n<p>\u201cU\u00c7K-ja \u00ebsht\u00eb themeli i liris\u00eb s\u00eb Kosov\u00ebs. Ajo \u00ebsht\u00eb krenari e historis\u00eb son\u00eb komb\u00ebtare. Askush nuk mund t\u00eb zhb\u00ebj\u00eb k\u00ebt\u00eb trash\u00ebgimi trim\u00ebrie, sakrifice dhe heroizmi,\u201d \u2013 \u00ebsht\u00eb shprehur kreu i shtetit.<\/p>\n<p>Reagimi i Presidentit vjen n\u00eb nj\u00eb moment kur mij\u00ebra qytetar\u00eb nga mbar\u00eb trojet shqiptare jan\u00eb bashkuar n\u00eb nj\u00eb z\u00eb p\u00ebr t\u00eb k\u00ebrkuar drejt\u00ebsi p\u00ebr ish-krer\u00ebt e U\u00c7K-s\u00eb, nd\u00ebrsa n\u00eb Hag\u00eb po zhvillohet procesi ndaj Hashim Tha\u00e7it, Kadri Veselit, Rexhep Selimit dhe Jakup Krasniqit.<\/p>\n<p>Protesta u konsiderua nj\u00eb akt i fuqish\u00ebm solidariteti mbar\u00ebkomb\u00ebtar, nd\u00ebrsa reagimi i Presidentit Begaj p\u00ebrforcon q\u00ebndrimin institucional t\u00eb Shqip\u00ebris\u00eb n\u00eb mb\u00ebshtetje t\u00eb luft\u00ebs p\u00ebr liri dhe drejt\u00ebsi t\u00eb Kosov\u00ebs.<\/p>\n<p>The post <a href=\"https:\/\/gijotina.com\/liria-ka-emer-presidenti-begaj-uck-themeli-i-lirise-se-kosoves-dhe-krenaria-e-kombit-shqiptar\/\">\u201cLiria ka em\u00ebr\u201d\/  Presidenti Begaj: U\u00c7K, themeli i liris\u00eb s\u00eb Kosov\u00ebs dhe krenaria e kombit shqiptar<\/a> appeared first on <a href=\"https:\/\/gijotina.com\/\">GIJOTINA<\/a>.<\/p>","protected":false},"excerpt":{"rendered":"<p>Presidenti i Republik\u00ebs s\u00eb Shqip\u00ebris\u00eb, Bajram Begaj, ka reaguar pas protest\u00ebs s\u00eb zhvilluar sot n\u00eb sheshin \u201cSk\u00ebnderbej\u201d n\u00eb Tiran\u00eb, n\u00eb mb\u00ebshtetje t\u00eb krer\u00ebve t\u00eb Ushtris\u00eb \u00c7lirimtare t\u00eb Kosov\u00ebs, q\u00eb ndodhen n\u00eb paraburgim n\u00eb Hag\u00eb. N\u00eb nj\u00eb deklarat\u00eb publike, Presidenti Begaj thekson r\u00ebnd\u00ebsin\u00eb historike t\u00eb U\u00c7K-s\u00eb dhe rolin e saj n\u00eb \u00e7lirimin e Kosov\u00ebs, duke n\u00ebnvizuar [&hellip;]<\/p>\n","protected":false},"author":0,"featured_media":0,"comment_status":"open","ping_status":"open","sticky":false,"template":"","format":"standard","meta":{"footnotes":""},"categories":[1],"tags":[],"class_list":["post-47009","post","type-post","status-publish","format-standard","hentry","category-uncategorized"],"_links":{"self":[{"href":"https:\/\/zennihost.com\/test\/wp-json\/wp\/v2\/posts\/47009","targetHints":{"allow":["GET"]}}],"collection":[{"href":"https:\/\/zennihost.com\/test\/wp-json\/wp\/v2\/posts"}],"about":[{"href":"https:\/\/zennihost.com\/test\/wp-json\/wp\/v2\/types\/post"}],"replies":[{"embeddable":true,"href":"https:\/\/zennihost.com\/test\/wp-json\/wp\/v2\/comments?post=47009"}],"version-history":[{"count":0,"href":"https:\/\/zennihost.com\/test\/wp-json\/wp\/v2\/posts\/47009\/revisions"}],"wp:attachment":[{"href":"https:\/\/zennihost.com\/test\/wp-json\/wp\/v2\/media?parent=47009"}],"wp:term":[{"taxonomy":"category","embeddable":true,"href":"https:\/\/zennihost.com\/test\/wp-json\/wp\/v2\/categories?post=47009"},{"taxonomy":"post_tag","embeddable":true,"href":"https:\/\/zennihost.com\/test\/wp-json\/wp\/v2\/tags?post=47009"}],"curies":[{"name":"wp","href":"https:\/\/api.w.org\/{rel}","templated":true}]}}