{"id":47004,"date":"2025-10-17T14:48:37","date_gmt":"2025-10-17T14:48:37","guid":{"rendered":"https:\/\/zennihost.com\/test\/2025\/10\/17\/protesta-per-mbeshtetjen-e-uck-dridhet-tirana-mijera-shqiptare-ne-shesh\/"},"modified":"2025-10-17T14:48:37","modified_gmt":"2025-10-17T14:48:37","slug":"protesta-per-mbeshtetjen-e-uck-dridhet-tirana-mijera-shqiptare-ne-shesh","status":"publish","type":"post","link":"https:\/\/zennihost.com\/test\/2025\/10\/17\/protesta-per-mbeshtetjen-e-uck-dridhet-tirana-mijera-shqiptare-ne-shesh\/","title":{"rendered":"PROTESTA P\u00cbR MB\u00cbSHTETJEN E U\u00c7K, DRIDHET TIRANA! MIJ\u00cbRA shqiptar\u00eb n\u00eb SHESH"},"content":{"rendered":"<p>Qytetar\u00eb nga e gjith\u00eb Shqip\u00ebria dhe Kosova jan\u00eb mbledhur prej or\u00ebve t\u00eb para t\u00eb pasdites n\u00eb sheshin \u201cSk\u00ebnderbej\u201d, ku pritet t\u00eb nis\u00eb n\u00eb or\u00ebn 17:00 protesta n\u00eb mb\u00ebshtetje t\u00eb ish-udh\u00ebheq\u00ebsve t\u00eb U\u00c7K-s\u00eb q\u00eb ndodhen n\u00eb paraburgim n\u00eb Hag\u00eb.<\/p>\n<p>Me flamuj kuqezi dhe simbole t\u00eb U\u00c7K-s\u00eb n\u00eb duar, protestues nga t\u00eb gjitha trevat shqiptare, kryesisht nga Kosova, kan\u00eb mb\u00ebrritur n\u00eb Tiran\u00eb p\u00ebr t\u2019iu bashkuar tubimit t\u00eb organizuar nga Organizata e Veteran\u00ebve t\u00eb Luft\u00ebs, me moton \u201cLiria ka em\u00ebr\u201d.<\/p>\n<p>N\u00eb k\u00ebt\u00eb protest\u00eb pritet t\u00eb mbajn\u00eb fjal\u00eb personalitete t\u00eb r\u00ebnd\u00ebsishme politike dhe historike, si ish-presidenti i Shqip\u00ebris\u00eb Alfred Moisiu dhe kreu i BDI-s\u00eb, Ali Ahmeti. I pranish\u00ebm do t\u00eb jet\u00eb edhe kryetari i Prishtin\u00ebs, P\u00ebrparim Rama, nd\u00ebrsa pjes\u00ebmarrja e Lutfi Hazirit nga LDK \u00ebsht\u00eb gjithashtu e konfirmuar.<\/p>\n<p>\u00a0<\/p>\n<p>The post <a href=\"https:\/\/lexo.al\/2025\/10\/ndiq-protesten-per-mbeshtetjen-e-uck-dridhet-tirana-mijera-shqiptare-ne-shesh\/\">PROTESTA P\u00cbR MB\u00cbSHTETJEN E U\u00c7K, DRIDHET TIRANA! MIJ\u00cbRA shqiptar\u00eb n\u00eb SHESH<\/a> appeared first on <a href=\"https:\/\/lexo.al\/\">www.lexo.al<\/a>.<\/p>","protected":false},"excerpt":{"rendered":"<p>Qytetar\u00eb nga e gjith\u00eb Shqip\u00ebria dhe Kosova jan\u00eb mbledhur prej or\u00ebve t\u00eb para t\u00eb pasdites n\u00eb sheshin \u201cSk\u00ebnderbej\u201d, ku pritet t\u00eb nis\u00eb n\u00eb or\u00ebn 17:00 protesta n\u00eb mb\u00ebshtetje t\u00eb ish-udh\u00ebheq\u00ebsve t\u00eb U\u00c7K-s\u00eb q\u00eb ndodhen n\u00eb paraburgim n\u00eb Hag\u00eb. Me flamuj kuqezi dhe simbole t\u00eb U\u00c7K-s\u00eb n\u00eb duar, protestues nga t\u00eb gjitha trevat shqiptare, kryesisht nga [&hellip;]<\/p>\n","protected":false},"author":0,"featured_media":0,"comment_status":"open","ping_status":"open","sticky":false,"template":"","format":"standard","meta":{"footnotes":""},"categories":[1],"tags":[],"class_list":["post-47004","post","type-post","status-publish","format-standard","hentry","category-uncategorized"],"_links":{"self":[{"href":"https:\/\/zennihost.com\/test\/wp-json\/wp\/v2\/posts\/47004","targetHints":{"allow":["GET"]}}],"collection":[{"href":"https:\/\/zennihost.com\/test\/wp-json\/wp\/v2\/posts"}],"about":[{"href":"https:\/\/zennihost.com\/test\/wp-json\/wp\/v2\/types\/post"}],"replies":[{"embeddable":true,"href":"https:\/\/zennihost.com\/test\/wp-json\/wp\/v2\/comments?post=47004"}],"version-history":[{"count":0,"href":"https:\/\/zennihost.com\/test\/wp-json\/wp\/v2\/posts\/47004\/revisions"}],"wp:attachment":[{"href":"https:\/\/zennihost.com\/test\/wp-json\/wp\/v2\/media?parent=47004"}],"wp:term":[{"taxonomy":"category","embeddable":true,"href":"https:\/\/zennihost.com\/test\/wp-json\/wp\/v2\/categories?post=47004"},{"taxonomy":"post_tag","embeddable":true,"href":"https:\/\/zennihost.com\/test\/wp-json\/wp\/v2\/tags?post=47004"}],"curies":[{"name":"wp","href":"https:\/\/api.w.org\/{rel}","templated":true}]}}