{"id":47003,"date":"2025-10-17T14:48:36","date_gmt":"2025-10-17T14:48:36","guid":{"rendered":"https:\/\/zennihost.com\/test\/2025\/10\/17\/protesta-e-uck-reagon-veliaj-nga-qelia-nje-padrejtesi-diku-shpejt-kthehet-ne-padrejtesi-kudo-jam-aty-me-mendje-e-zemer\/"},"modified":"2025-10-17T14:48:36","modified_gmt":"2025-10-17T14:48:36","slug":"protesta-e-uck-reagon-veliaj-nga-qelia-nje-padrejtesi-diku-shpejt-kthehet-ne-padrejtesi-kudo-jam-aty-me-mendje-e-zemer","status":"publish","type":"post","link":"https:\/\/zennihost.com\/test\/2025\/10\/17\/protesta-e-uck-reagon-veliaj-nga-qelia-nje-padrejtesi-diku-shpejt-kthehet-ne-padrejtesi-kudo-jam-aty-me-mendje-e-zemer\/","title":{"rendered":"Protesta e \u201cU\u00c7K\u201d\/ Reagon Veliaj nga qelia: Nj\u00eb padrejt\u00ebsi diku, shpejt kthehet n\u00eb padrejt\u00ebsi kudo! Jam aty me mendje e zem\u00ebr"},"content":{"rendered":"<p>Nga qelia e paraburgimit, Erion Veliaj ka treguar mb\u00ebshtetjen p\u00ebr protest\u00ebn q\u00eb pritet t\u00eb nis\u00eb n\u00eb sheshin \u201cSk\u00ebnderbej\u201d n\u00eb mb\u00ebshtetje t\u00eb ish-krer\u00ebve t\u00eb U\u00c7K-s\u00eb. Krahas nj\u00eb fotoje me Hashtim Tha\u00e7in, Veliaj thot\u00eb se \u00ebsht\u00eb me mendje e zem\u00ebr me t\u00eb gjith\u00eb ata q\u00eb do protestojn\u00eb sot n\u00eb Tiran\u00eb.<\/p>\n<p>\u201cNj\u00eb padrejt\u00ebsi diku, shpejt kthehet n\u00eb padrejt\u00ebsi kudo!<\/p>\n<p>P\u00ebr mikun tim e t\u00eb Tiran\u00ebs, Hashim Tha\u00e7i dhe bashk\u00ebpun\u00ebtor\u00ebt e tij, t\u00eb gjith\u00eb sot n\u00eb sheshin Sk\u00ebnderbej!<\/p>\n<p>Jam aty me mendje dhe me zem\u00ebr me t\u00eb gjith\u00eb ju!\u201d, shkruan Veliaj.<\/p>\n<p>The post <a href=\"https:\/\/lexo.al\/2025\/10\/protesta-e-uck-reagon-veliaj-nga-qelia-nje-padrejtesi-diku-shpejt-kthehet-ne-padrejtesi-kudo-jam-aty-me-mendje-e-zemer\/\">Protesta e \u201cU\u00c7K\u201d\/ Reagon Veliaj nga qelia: Nj\u00eb padrejt\u00ebsi diku, shpejt kthehet n\u00eb padrejt\u00ebsi kudo! Jam aty me mendje e zem\u00ebr<\/a> appeared first on <a href=\"https:\/\/lexo.al\/\">www.lexo.al<\/a>.<\/p>","protected":false},"excerpt":{"rendered":"<p>Nga qelia e paraburgimit, Erion Veliaj ka treguar mb\u00ebshtetjen p\u00ebr protest\u00ebn q\u00eb pritet t\u00eb nis\u00eb n\u00eb sheshin \u201cSk\u00ebnderbej\u201d n\u00eb mb\u00ebshtetje t\u00eb ish-krer\u00ebve t\u00eb U\u00c7K-s\u00eb. Krahas nj\u00eb fotoje me Hashtim Tha\u00e7in, Veliaj thot\u00eb se \u00ebsht\u00eb me mendje e zem\u00ebr me t\u00eb gjith\u00eb ata q\u00eb do protestojn\u00eb sot n\u00eb Tiran\u00eb. \u201cNj\u00eb padrejt\u00ebsi diku, shpejt kthehet n\u00eb padrejt\u00ebsi [&hellip;]<\/p>\n","protected":false},"author":0,"featured_media":0,"comment_status":"open","ping_status":"open","sticky":false,"template":"","format":"standard","meta":{"footnotes":""},"categories":[1],"tags":[],"class_list":["post-47003","post","type-post","status-publish","format-standard","hentry","category-uncategorized"],"_links":{"self":[{"href":"https:\/\/zennihost.com\/test\/wp-json\/wp\/v2\/posts\/47003","targetHints":{"allow":["GET"]}}],"collection":[{"href":"https:\/\/zennihost.com\/test\/wp-json\/wp\/v2\/posts"}],"about":[{"href":"https:\/\/zennihost.com\/test\/wp-json\/wp\/v2\/types\/post"}],"replies":[{"embeddable":true,"href":"https:\/\/zennihost.com\/test\/wp-json\/wp\/v2\/comments?post=47003"}],"version-history":[{"count":0,"href":"https:\/\/zennihost.com\/test\/wp-json\/wp\/v2\/posts\/47003\/revisions"}],"wp:attachment":[{"href":"https:\/\/zennihost.com\/test\/wp-json\/wp\/v2\/media?parent=47003"}],"wp:term":[{"taxonomy":"category","embeddable":true,"href":"https:\/\/zennihost.com\/test\/wp-json\/wp\/v2\/categories?post=47003"},{"taxonomy":"post_tag","embeddable":true,"href":"https:\/\/zennihost.com\/test\/wp-json\/wp\/v2\/tags?post=47003"}],"curies":[{"name":"wp","href":"https:\/\/api.w.org\/{rel}","templated":true}]}}