{"id":47002,"date":"2025-10-17T14:48:35","date_gmt":"2025-10-17T14:48:35","guid":{"rendered":"https:\/\/zennihost.com\/test\/2025\/10\/17\/shperthim-i-fuqishem-ne-bukuresht-3-te-vdekur-13-te-plagosur-dhe-dy-pallate-te-shkaterruara\/"},"modified":"2025-10-17T14:48:35","modified_gmt":"2025-10-17T14:48:35","slug":"shperthim-i-fuqishem-ne-bukuresht-3-te-vdekur-13-te-plagosur-dhe-dy-pallate-te-shkaterruara","status":"publish","type":"post","link":"https:\/\/zennihost.com\/test\/2025\/10\/17\/shperthim-i-fuqishem-ne-bukuresht-3-te-vdekur-13-te-plagosur-dhe-dy-pallate-te-shkaterruara\/","title":{"rendered":"Shp\u00ebrthim i fuqish\u00ebm n\u00eb Bukuresht: 3 t\u00eb vdekur, 13 t\u00eb plagosur dhe dy pallate t\u00eb shkat\u00ebrruara"},"content":{"rendered":"<p>Nj\u00eb shp\u00ebrthim i fuqish\u00ebm ka tronditur paraditen e sotme kryeqytetin rumun, Bukuresht. Ngjarja e r\u00ebnd\u00eb ka ndodhur n\u00eb nj\u00eb nd\u00ebrtes\u00eb tet\u00ebkat\u00ebshe, ku si pasoj\u00eb e shp\u00ebrthimit jan\u00eb shkat\u00ebrruar dy pallate, kan\u00eb humbur jet\u00ebn tre persona dhe jan\u00eb plagosur t\u00eb pakt\u00ebn 13 t\u00eb tjer\u00eb.<\/p>\n<p>Sipas\u00a0<a href=\"https:\/\/abcnews.go.com\/International\/wireStory\/powerful-blast-apartment-building-romanias-capital-kills-3-126607132\">mediave t\u00eb huaja<\/a>, shp\u00ebrthimi ka ndodhur n\u00eb katin e pest\u00eb dhe t\u00eb gjasht\u00eb t\u00eb godin\u00ebs. Autoritetet njoftojn\u00eb se shkaku i ngjarjes tragjike nuk \u00ebsht\u00eb p\u00ebrcaktuar ende, nd\u00ebrsa furnizimi me gaz n\u00eb zon\u00eb \u00ebsht\u00eb nd\u00ebrprer\u00eb si mas\u00eb sigurie.<\/p>\n<p>Ministria e Sh\u00ebndet\u00ebsis\u00eb e Rumanis\u00eb b\u00ebri t\u00eb ditur se viktimat jan\u00eb raportuar me politraum\u00eb dhe djegie t\u00eb r\u00ebnda. Nj\u00eb prej tyre u gjet pa shenja jete n\u00ebn nj\u00eb pllak\u00eb betoni n\u00eb katin e gjasht\u00eb, nd\u00ebrsa t\u00eb plagosurit jan\u00eb d\u00ebrguar n\u00eb spitalet e kryeqytetit.<\/p>\n<p>T\u00eb gjith\u00eb banor\u00ebt jan\u00eb evakuuar menj\u00ebher\u00eb nga nd\u00ebrtesa, nd\u00ebrsa ekipet e shp\u00ebtimit po vijojn\u00eb k\u00ebrkimet p\u00ebr persona q\u00eb mund t\u00eb ken\u00eb mbetur t\u00eb bllokuar n\u00ebn rr\u00ebnoja.<\/p>\n<p>The post <a href=\"https:\/\/gijotina.com\/shperthim-i-fuqishem-ne-bukuresht-3-te-vdekur-13-te-plagosur-dhe-dy-pallate-te-shkaterruara\/\">Shp\u00ebrthim i fuqish\u00ebm n\u00eb Bukuresht: 3 t\u00eb vdekur, 13 t\u00eb plagosur dhe dy pallate t\u00eb shkat\u00ebrruara<\/a> appeared first on <a href=\"https:\/\/gijotina.com\/\">GIJOTINA<\/a>.<\/p>","protected":false},"excerpt":{"rendered":"<p>Nj\u00eb shp\u00ebrthim i fuqish\u00ebm ka tronditur paraditen e sotme kryeqytetin rumun, Bukuresht. Ngjarja e r\u00ebnd\u00eb ka ndodhur n\u00eb nj\u00eb nd\u00ebrtes\u00eb tet\u00ebkat\u00ebshe, ku si pasoj\u00eb e shp\u00ebrthimit jan\u00eb shkat\u00ebrruar dy pallate, kan\u00eb humbur jet\u00ebn tre persona dhe jan\u00eb plagosur t\u00eb pakt\u00ebn 13 t\u00eb tjer\u00eb. Sipas\u00a0mediave t\u00eb huaja, shp\u00ebrthimi ka ndodhur n\u00eb katin e pest\u00eb dhe t\u00eb [&hellip;]<\/p>\n","protected":false},"author":0,"featured_media":0,"comment_status":"open","ping_status":"open","sticky":false,"template":"","format":"standard","meta":{"footnotes":""},"categories":[1],"tags":[],"class_list":["post-47002","post","type-post","status-publish","format-standard","hentry","category-uncategorized"],"_links":{"self":[{"href":"https:\/\/zennihost.com\/test\/wp-json\/wp\/v2\/posts\/47002","targetHints":{"allow":["GET"]}}],"collection":[{"href":"https:\/\/zennihost.com\/test\/wp-json\/wp\/v2\/posts"}],"about":[{"href":"https:\/\/zennihost.com\/test\/wp-json\/wp\/v2\/types\/post"}],"replies":[{"embeddable":true,"href":"https:\/\/zennihost.com\/test\/wp-json\/wp\/v2\/comments?post=47002"}],"version-history":[{"count":0,"href":"https:\/\/zennihost.com\/test\/wp-json\/wp\/v2\/posts\/47002\/revisions"}],"wp:attachment":[{"href":"https:\/\/zennihost.com\/test\/wp-json\/wp\/v2\/media?parent=47002"}],"wp:term":[{"taxonomy":"category","embeddable":true,"href":"https:\/\/zennihost.com\/test\/wp-json\/wp\/v2\/categories?post=47002"},{"taxonomy":"post_tag","embeddable":true,"href":"https:\/\/zennihost.com\/test\/wp-json\/wp\/v2\/tags?post=47002"}],"curies":[{"name":"wp","href":"https:\/\/api.w.org\/{rel}","templated":true}]}}