{"id":47000,"date":"2025-10-17T14:48:35","date_gmt":"2025-10-17T14:48:35","guid":{"rendered":"https:\/\/zennihost.com\/test\/2025\/10\/17\/35-vjecari-vetevritet-ne-poligonin-e-nje-biznesmeni-emiljano-dushes-te-lidhur-me-tendera-dhe-akuza-ne-spak\/"},"modified":"2025-10-17T14:48:35","modified_gmt":"2025-10-17T14:48:35","slug":"35-vjecari-vetevritet-ne-poligonin-e-nje-biznesmeni-emiljano-dushes-te-lidhur-me-tendera-dhe-akuza-ne-spak","status":"publish","type":"post","link":"https:\/\/zennihost.com\/test\/2025\/10\/17\/35-vjecari-vetevritet-ne-poligonin-e-nje-biznesmeni-emiljano-dushes-te-lidhur-me-tendera-dhe-akuza-ne-spak\/","title":{"rendered":"35-vje\u00e7ari vet\u00ebvritet n\u00eb poligonin e nj\u00eb biznesmeni Emiljano Dush\u00ebs t\u00eb lidhur me tendera dhe akuza n\u00eb SPAK"},"content":{"rendered":"<p>35-vje\u00e7ari\u00a0Bledi Hasani, n\u00eb rrethana ende t\u00eb paqarta, ka vrar\u00eb veten mesdit\u00ebn e sotme (17 tetor) n\u00eb ambientet e poligonit t\u00eb qitjes \u201cAction Target\u201d, nj\u00eb mjedis ku gjithmon\u00eb duhet t\u00eb jesh i shoq\u00ebruar nga nj\u00eb punonj\u00ebs i cili presupozohet se duhet t\u00eb shmang\u00eb \u00e7do rrezik q\u00eb mund tu kanoset klient\u00ebve q\u00eb frekuentojn\u00eb poligonin.<\/p>\n<p>M\u00ebsohet se Bledi Hasani\u00a0ka qen\u00eb klient i poligonit\u00a0\u201cAction Target\u201d\u00a0n\u00eb pron\u00ebsi t\u00eb biznesmenit\u00a0Emiljano Dusha, sip\u00ebrmarr\u00ebsit t\u00eb lidhur prej vitesh me tendera t\u00eb Ministris\u00eb s\u00eb Brendshme dhe me padi n\u00eb SPAK p\u00ebr blerje votash p\u00ebr maxhoranc\u00ebn aktuale.<\/p>\n<p>I riu m\u00ebsohet se ishte klient i rregullt pasi kishte shkuar p\u00ebr qitje shpeshher\u00eb n\u00eb poligonin e Emiljano Dush\u00ebs i cili ndodhet pran\u00eb stadiumit \u2018Air Albania\u2019.<\/p>\n<p><em>\u201cRreth or\u00ebs 13:30, brenda nj\u00eb poligoni n\u00eb rrug\u00ebn \u201cDervish Hima\u201d, dyshohet se \u00ebsht\u00eb vet\u00ebvrar\u00eb me arm\u00ebn e zjarrit me t\u00eb cil\u00ebn po kryente qitje, shtetasi B. H., 35 vje\u00e7.<\/em><em>N\u00eb vendngjarje ndodhen sh\u00ebrbimet e Policis\u00eb, t\u00eb cilat, n\u00eb bashk\u00ebpunim me grupin hetimor, po punojn\u00eb p\u00ebr sqarimin e rrethanave dhe dokumentimin e plot\u00eb t\u00eb rastit.\u201d-\u00a0<\/em>njoftoi policia.<\/p>\n<p><strong>Kush \u00ebsht\u00eb Emiljano Dusha dhe ortak\u00ebria q\u00eb ka me shtetin tek KAYO p\u00ebr prodhimin e arm\u00ebve<\/strong><\/p>\n<p>Emiljano Dusha \u00ebsht\u00eb nj\u00eb em\u00ebr i lakuar n\u00eb disa tendera t\u00eb dyshimt\u00eb t\u00eb mbrojtjes dhe siguris\u00eb, me akuza p\u00ebr lidhje klienteliste me zyrtar\u00eb t\u00eb qeveris\u00eb. Duke marr\u00eb kontroll mbi prodhimin e municioneve, ai p\u00ebrfiton nj\u00eb nga sektor\u00ebt m\u00eb t\u00eb ndjesh\u00ebm t\u00eb industris\u00eb ushtarake shqiptare. Kjo p\u00ebrkon me skemat klasike t\u00eb transferimit t\u00eb pasuris\u00eb shtet\u00ebrore drejt interesave private n\u00ebn petkun e \u201cpartneriteteve strategjike\u201d.<\/p>\n<p>Biznesmeni Emiljano Dusha krijoi n\u00eb gusht t\u00eb k\u00ebtij viti dy kompani ushtarake, \u201cM.K.D\u201d dhe GUNA TACTICAL, t\u00eb cilat kan\u00eb p\u00ebr shoq\u00ebri m\u00ebm\u00eb, kompanin\u00eb shtet\u00ebrore KAYO sh.a, e cila u ngrit n\u00eb vitin 2024 p\u00ebr t\u00eb administruar kapacitetet e mbetura t\u00eb industris\u00eb s\u00eb dikurshme ushtarake shqiptare: Uzina e L\u00ebnd\u00ebve Plas\u00ebse Mjek\u00ebs, Uzina Mekanike Gramsh dhe Kombinati Mekanik Poli\u00e7an.<\/p>\n<p>KAYO drejtohet nga Ardi Veliu, ish-drejtori i Policis\u00eb s\u00eb Shtetit, nj\u00eb figur\u00eb e p\u00ebrfolur shpesh p\u00ebr lidhje me tender\u00eb dhe menaxhim klientelist.<\/p>\n<p><strong>M.K.D<\/strong>\u00a0zot\u00ebrohet 80% nga kompania MSSC e Emiljano Dusha dhe 20% KAYO. Objekti i veprimtaris\u00eb s\u00eb Shoq\u00ebris\u00eb \u00ebsht\u00eb prodhimi dhe tregtimi i municioneve t\u00eb kalibrave t\u00eb vegj\u00ebl dhe t\u00eb mes\u00ebm, n\u00eb p\u00ebrputhje me legjislacionin shqiptar dhe objektivat e parashikuara n\u00eb aktet normative p\u00ebr krijimin e Shoq\u00ebris\u00eb. Kjo p\u00ebrfshin prodhimin dhe tregtimin e municioneve p\u00ebr Forcat e Armatosura dhe p\u00ebr struktura t\u00eb tjera t\u00eb siguris\u00eb.<\/p>\n\n<p><strong>GUNA TACTICAL<\/strong>\u00a0zot\u00ebrohet 49% nga kompania MSSC e Emiljano Dusha dhe 51% KAYO. Objekti i saj \u00ebsht\u00eb projektimi, prodhimi dhe tregtimi i uniformave dhe aksesor\u00ebve ushtarak\u00eb p\u00ebr forcat e armatosura dhe strukturat e siguris\u00eb.<\/p>\n<p>Edhe n\u00eb k\u00ebt\u00eb rast, MSSC e Dusha merr kontrollin praktik t\u00eb sektorit t\u00eb uniformave, nj\u00eb fush\u00eb q\u00eb ka pasur historikisht tendera me skandale p\u00ebr \u00e7mime t\u00eb fryra dhe produkte me cil\u00ebsi t\u00eb ul\u00ebt. P\u00ebrqindja 51% q\u00eb i mbetet shtetit \u00ebsht\u00eb vet\u00ebm formale: vendimmarrja reale dhe p\u00ebrfitimi ekonomik pritet t\u00eb dominohet nga ortak\u00ebt privat\u00eb.<\/p>\n\n<p>Kompanit\u00eb e krijuara brenda 72 or\u00ebve n\u00eb fillim t\u00eb gushtit 2025 tregojn\u00eb nj\u00eb model t\u00eb qart\u00eb t\u00eb privatizimit t\u00eb fshehur: shteti (n\u00eb k\u00ebt\u00eb rast KAYO) mban nj\u00eb pjes\u00eb minoritare t\u00eb aksioneve, nd\u00ebrsa pjesa tjet\u00ebr u kalon individ\u00ebve ose kompanive private me t\u00eb shkuar t\u00eb dyshimt\u00eb.<\/p>\n<p>Kjo skem\u00eb, sipas ekspert\u00ebve t\u00eb industris\u00eb s\u00eb mbrojtjes, rrezikon t\u00eb kthej\u00eb sektorin strategjik t\u00eb arm\u00ebve n\u00eb nj\u00eb \u00e7erdhe korrupsioni dhe monopoli, ku kontratat publike do t\u00eb p\u00ebrfundojn\u00eb n\u00eb xhepat e t\u00eb nj\u00ebjt\u00ebve individ\u00eb q\u00eb kan\u00eb fituar tender\u00eb t\u00eb dyshimt\u00eb n\u00eb t\u00eb kaluar\u00ebn.\/ boldnwes.al<\/p>\n<p>The post <a href=\"https:\/\/gijotina.com\/35-vjecari-vetevritet-ne-poligonin-e-nje-biznesmeni-emiljano-dushes-te-lidhur-me-tendera-dhe-akuza-ne-spak\/\">35-vje\u00e7ari vet\u00ebvritet n\u00eb poligonin e nj\u00eb biznesmeni Emiljano Dush\u00ebs t\u00eb lidhur me tendera dhe akuza n\u00eb SPAK<\/a> appeared first on <a href=\"https:\/\/gijotina.com\/\">GIJOTINA<\/a>.<\/p>","protected":false},"excerpt":{"rendered":"<p>35-vje\u00e7ari\u00a0Bledi Hasani, n\u00eb rrethana ende t\u00eb paqarta, ka vrar\u00eb veten mesdit\u00ebn e sotme (17 tetor) n\u00eb ambientet e poligonit t\u00eb qitjes \u201cAction Target\u201d, nj\u00eb mjedis ku gjithmon\u00eb duhet t\u00eb jesh i shoq\u00ebruar nga nj\u00eb punonj\u00ebs i cili presupozohet se duhet t\u00eb shmang\u00eb \u00e7do rrezik q\u00eb mund tu kanoset klient\u00ebve q\u00eb frekuentojn\u00eb poligonin. M\u00ebsohet se Bledi [&hellip;]<\/p>\n","protected":false},"author":0,"featured_media":0,"comment_status":"open","ping_status":"open","sticky":false,"template":"","format":"standard","meta":{"footnotes":""},"categories":[1],"tags":[],"class_list":["post-47000","post","type-post","status-publish","format-standard","hentry","category-uncategorized"],"_links":{"self":[{"href":"https:\/\/zennihost.com\/test\/wp-json\/wp\/v2\/posts\/47000","targetHints":{"allow":["GET"]}}],"collection":[{"href":"https:\/\/zennihost.com\/test\/wp-json\/wp\/v2\/posts"}],"about":[{"href":"https:\/\/zennihost.com\/test\/wp-json\/wp\/v2\/types\/post"}],"replies":[{"embeddable":true,"href":"https:\/\/zennihost.com\/test\/wp-json\/wp\/v2\/comments?post=47000"}],"version-history":[{"count":0,"href":"https:\/\/zennihost.com\/test\/wp-json\/wp\/v2\/posts\/47000\/revisions"}],"wp:attachment":[{"href":"https:\/\/zennihost.com\/test\/wp-json\/wp\/v2\/media?parent=47000"}],"wp:term":[{"taxonomy":"category","embeddable":true,"href":"https:\/\/zennihost.com\/test\/wp-json\/wp\/v2\/categories?post=47000"},{"taxonomy":"post_tag","embeddable":true,"href":"https:\/\/zennihost.com\/test\/wp-json\/wp\/v2\/tags?post=47000"}],"curies":[{"name":"wp","href":"https:\/\/api.w.org\/{rel}","templated":true}]}}