{"id":46998,"date":"2025-10-17T14:48:35","date_gmt":"2025-10-17T14:48:35","guid":{"rendered":"https:\/\/zennihost.com\/test\/2025\/10\/17\/pagesa-ndaj-presidentit-begaj-reagojne-forcat-e-armatosura-jane-detyrime-te-prapambetura-per-pune-akademike\/"},"modified":"2025-10-17T14:48:35","modified_gmt":"2025-10-17T14:48:35","slug":"pagesa-ndaj-presidentit-begaj-reagojne-forcat-e-armatosura-jane-detyrime-te-prapambetura-per-pune-akademike","status":"publish","type":"post","link":"https:\/\/zennihost.com\/test\/2025\/10\/17\/pagesa-ndaj-presidentit-begaj-reagojne-forcat-e-armatosura-jane-detyrime-te-prapambetura-per-pune-akademike\/","title":{"rendered":"Pagesa ndaj Presidentit Begaj reagojne Forcat e Armatosura: Jan\u00eb detyrime t\u00eb prapambetura p\u00ebr pun\u00eb akademike"},"content":{"rendered":"<p>Akademia e Forcave t\u00eb Armatosura (AFA) ka reaguar zyrtarisht p\u00ebrmes nj\u00eb deklarate publike, duke p\u00ebrg\u00ebnjeshtruar akuzat e b\u00ebra n\u00eb media n\u00eb lidhje me pagesat e kryera ndaj Presidentit t\u00eb Republik\u00ebs, nj\u00ebkoh\u00ebsisht Komandant i P\u00ebrgjithsh\u00ebm i Forcave t\u00eb Armatosura, Sh.T.Z. Bajram Begaj.<\/p>\n<p>N\u00eb deklarat\u00eb, AFA sqaron se Presidenti Begaj, n\u00eb funksionin e tij t\u00eb m\u00ebparsh\u00ebm si mjek ushtarak, ka qen\u00eb pjes\u00eb e ekipeve t\u00eb k\u00ebrkimit shkencor ushtarak dhe ka udh\u00ebhequr tema doktorature gjat\u00eb viteve 2013\u20132018, n\u00eb bashk\u00ebpunim me nj\u00eb staf akademik prej 15 profesor\u00ebsh.<\/p>\n<p>Sqarim mbi pagesat<br \/>N\u00eb lidhje me pagesat e p\u00ebrfolura, AFA thekson se b\u00ebhet fjal\u00eb p\u00ebr detyrime t\u00eb prapambetura financiare, t\u00eb cilat jan\u00eb shlyer n\u00eb m\u00ebnyr\u00eb t\u00eb barabart\u00eb dhe transparente p\u00ebr t\u00eb gjith\u00eb personelin akademik t\u00eb p\u00ebrfshir\u00eb n\u00eb procesin e k\u00ebrkimit shkencor gjat\u00eb asaj periudhe.<\/p>\n<p>\u201cPagesat jan\u00eb kryer n\u00eb p\u00ebrputhje me legjislacionin n\u00eb fuqi dhe aktet n\u00ebnligjore q\u00eb rregullojn\u00eb arsimin e lart\u00eb dhe k\u00ebrkimin shkencor,\u201d \u2013 thuhet n\u00eb deklarat\u00eb, duke shtuar se procesi \u00ebsht\u00eb dokumentuar plot\u00ebsisht dhe \u00ebsht\u00eb i verifikuesh\u00ebm nga \u00e7do institucion kompetent.<\/p>\n<p>Akademia thekson se mbetet e hapur p\u00ebr \u00e7do verifikim nga organet p\u00ebrgjegj\u00ebse dhe u b\u00ebn thirrje mediave t\u00eb shmangin keqinformimin, duke raportuar mbi baz\u00ebn e fakteve t\u00eb verifikuara.<\/p>\n<p>Ky reagim vjen pas raportimeve mediatike q\u00eb ngrit\u00ebn pik\u00ebpyetje mbi legjitimitetin e pagesave t\u00eb kryera ndaj Presidentit aktual, p\u00ebr pun\u00eb akademike t\u00eb kryer n\u00eb t\u00eb kaluar\u00ebn.<\/p>\n<p>The post <a href=\"https:\/\/gijotina.com\/pagesa-ndaj-presidentit-begaj-reagojne-forcat-e-armatosura-jane-detyrime-te-prapambetura-per-pune-akademike\/\">Pagesa ndaj Presidentit Begaj reagojne Forcat e Armatosura: Jan\u00eb detyrime t\u00eb prapambetura p\u00ebr pun\u00eb akademike<\/a> appeared first on <a href=\"https:\/\/gijotina.com\/\">GIJOTINA<\/a>.<\/p>","protected":false},"excerpt":{"rendered":"<p>Akademia e Forcave t\u00eb Armatosura (AFA) ka reaguar zyrtarisht p\u00ebrmes nj\u00eb deklarate publike, duke p\u00ebrg\u00ebnjeshtruar akuzat e b\u00ebra n\u00eb media n\u00eb lidhje me pagesat e kryera ndaj Presidentit t\u00eb Republik\u00ebs, nj\u00ebkoh\u00ebsisht Komandant i P\u00ebrgjithsh\u00ebm i Forcave t\u00eb Armatosura, Sh.T.Z. Bajram Begaj. N\u00eb deklarat\u00eb, AFA sqaron se Presidenti Begaj, n\u00eb funksionin e tij t\u00eb m\u00ebparsh\u00ebm si [&hellip;]<\/p>\n","protected":false},"author":0,"featured_media":0,"comment_status":"open","ping_status":"open","sticky":false,"template":"","format":"standard","meta":{"footnotes":""},"categories":[1],"tags":[],"class_list":["post-46998","post","type-post","status-publish","format-standard","hentry","category-uncategorized"],"_links":{"self":[{"href":"https:\/\/zennihost.com\/test\/wp-json\/wp\/v2\/posts\/46998","targetHints":{"allow":["GET"]}}],"collection":[{"href":"https:\/\/zennihost.com\/test\/wp-json\/wp\/v2\/posts"}],"about":[{"href":"https:\/\/zennihost.com\/test\/wp-json\/wp\/v2\/types\/post"}],"replies":[{"embeddable":true,"href":"https:\/\/zennihost.com\/test\/wp-json\/wp\/v2\/comments?post=46998"}],"version-history":[{"count":0,"href":"https:\/\/zennihost.com\/test\/wp-json\/wp\/v2\/posts\/46998\/revisions"}],"wp:attachment":[{"href":"https:\/\/zennihost.com\/test\/wp-json\/wp\/v2\/media?parent=46998"}],"wp:term":[{"taxonomy":"category","embeddable":true,"href":"https:\/\/zennihost.com\/test\/wp-json\/wp\/v2\/categories?post=46998"},{"taxonomy":"post_tag","embeddable":true,"href":"https:\/\/zennihost.com\/test\/wp-json\/wp\/v2\/tags?post=46998"}],"curies":[{"name":"wp","href":"https:\/\/api.w.org\/{rel}","templated":true}]}}