{"id":46997,"date":"2025-10-17T14:48:34","date_gmt":"2025-10-17T14:48:34","guid":{"rendered":"https:\/\/zennihost.com\/test\/2025\/10\/17\/dorjan-teliti-shqiperia-kampione-e-varferise-qeveria-e-ka-braktisur-qytetarin-nevojitet-ndryshim-rrenjesor\/"},"modified":"2025-10-17T14:48:34","modified_gmt":"2025-10-17T14:48:34","slug":"dorjan-teliti-shqiperia-kampione-e-varferise-qeveria-e-ka-braktisur-qytetarin-nevojitet-ndryshim-rrenjesor","status":"publish","type":"post","link":"https:\/\/zennihost.com\/test\/2025\/10\/17\/dorjan-teliti-shqiperia-kampione-e-varferise-qeveria-e-ka-braktisur-qytetarin-nevojitet-ndryshim-rrenjesor\/","title":{"rendered":"Dorjan Teliti: Shqip\u00ebria kampione e varf\u00ebris\u00eb, qeveria e ka braktisur qytetarin \u2013 nevojitet ndryshim rr\u00ebnj\u00ebsor"},"content":{"rendered":"<p>K\u00ebshilltari p\u00ebr \u00c7\u00ebshtjet Ekonomike n\u00eb Partin\u00eb Demokratike, Dorjan Teliti, ka reaguar pas publikimit t\u00eb t\u00eb dh\u00ebnave m\u00eb t\u00eb fundit nga INSTAT, sipas t\u00eb cilave 40.5% e shqiptar\u00ebve jan\u00eb n\u00eb rrezik varf\u00ebrie ose p\u00ebrjashtimi social.<\/p>\n<p>N\u00eb nj\u00eb deklarat\u00eb publike, Teliti e cil\u00ebson k\u00ebt\u00eb situat\u00eb si \u201crealitetin e hidhur q\u00eb \u00e7do dit\u00eb e m\u00eb shum\u00eb po boshatis Shqip\u00ebrin\u00eb\u201d, nd\u00ebrsa akuzon qeverin\u00eb p\u00ebr munges\u00eb vizioni dhe keqmenaxhim t\u00eb burimeve publike.<\/p>\n<p>\u201cShqip\u00ebria \u2018kampione\u2019 e varf\u00ebris\u00eb, \u00e7do gj\u00eb tjet\u00ebr \u00ebsht\u00eb thjesht propagand\u00eb,\u201d \u2013 deklaron Teliti, duke theksuar se n\u00eb zonat veriore, pothuajse gjysma e familjeve nuk arrijn\u00eb t\u00eb p\u00ebrballojn\u00eb nevojat bazike p\u00ebr jetes\u00eb.<\/p>\n<p>Sipas tij, kjo situat\u00eb nuk \u00ebsht\u00eb pasoj\u00eb e faktor\u00ebve t\u00eb jasht\u00ebm apo rast\u00ebsor\u00eb, por e drejtp\u00ebrdrejt\u00eb e keqqeverisjes, q\u00eb sipas PD-s\u00eb ka rritur pabarazin\u00eb dhe ka thelluar kriz\u00ebn sociale n\u00eb vend.<\/p>\n<p>\u201cNd\u00ebrsa disa pasurohen padrejt\u00ebsisht, shumica e qytetar\u00ebve jetojn\u00eb n\u00eb ankth p\u00ebr faturat, ushqimin, arsimimin, sh\u00ebndetin dhe t\u00eb ardhmen e f\u00ebmij\u00ebve t\u00eb tyre,\u201d \u2013 vijon reagimi.<\/p>\n<p>Teliti n\u00ebnvizon se Shqip\u00ebria ka potencial p\u00ebr m\u00eb shum\u00eb dhe k\u00ebrkon \u201cndryshim rr\u00ebnj\u00ebsor\u201d, p\u00ebr t\u00eb nd\u00ebrtuar nj\u00eb shtet q\u00eb punon p\u00ebr qytetar\u00ebt dhe jo kund\u00ebr tyre.<\/p>\n<p>Reagimi vjen n\u00eb nj\u00eb koh\u00eb kur t\u00eb dh\u00ebnat e INSTAT kan\u00eb rikthyer n\u00eb qend\u00ebr t\u00eb debatit publik problematikat ekonomike dhe sociale q\u00eb prekin shtresat m\u00eb t\u00eb brishta t\u00eb shoq\u00ebris\u00eb shqiptare.<\/p>\n<p>The post <a href=\"https:\/\/gijotina.com\/dorjan-teliti-shqiperia-kampione-e-varferise-qeveria-e-ka-braktisur-qytetarin-nevojitet-ndryshim-rrenjesor\/\">Dorjan Teliti: Shqip\u00ebria kampione e varf\u00ebris\u00eb, qeveria e ka braktisur qytetarin \u2013 nevojitet ndryshim rr\u00ebnj\u00ebsor<\/a> appeared first on <a href=\"https:\/\/gijotina.com\/\">GIJOTINA<\/a>.<\/p>","protected":false},"excerpt":{"rendered":"<p>K\u00ebshilltari p\u00ebr \u00c7\u00ebshtjet Ekonomike n\u00eb Partin\u00eb Demokratike, Dorjan Teliti, ka reaguar pas publikimit t\u00eb t\u00eb dh\u00ebnave m\u00eb t\u00eb fundit nga INSTAT, sipas t\u00eb cilave 40.5% e shqiptar\u00ebve jan\u00eb n\u00eb rrezik varf\u00ebrie ose p\u00ebrjashtimi social. N\u00eb nj\u00eb deklarat\u00eb publike, Teliti e cil\u00ebson k\u00ebt\u00eb situat\u00eb si \u201crealitetin e hidhur q\u00eb \u00e7do dit\u00eb e m\u00eb shum\u00eb po boshatis [&hellip;]<\/p>\n","protected":false},"author":0,"featured_media":0,"comment_status":"open","ping_status":"open","sticky":false,"template":"","format":"standard","meta":{"footnotes":""},"categories":[1],"tags":[],"class_list":["post-46997","post","type-post","status-publish","format-standard","hentry","category-uncategorized"],"_links":{"self":[{"href":"https:\/\/zennihost.com\/test\/wp-json\/wp\/v2\/posts\/46997","targetHints":{"allow":["GET"]}}],"collection":[{"href":"https:\/\/zennihost.com\/test\/wp-json\/wp\/v2\/posts"}],"about":[{"href":"https:\/\/zennihost.com\/test\/wp-json\/wp\/v2\/types\/post"}],"replies":[{"embeddable":true,"href":"https:\/\/zennihost.com\/test\/wp-json\/wp\/v2\/comments?post=46997"}],"version-history":[{"count":0,"href":"https:\/\/zennihost.com\/test\/wp-json\/wp\/v2\/posts\/46997\/revisions"}],"wp:attachment":[{"href":"https:\/\/zennihost.com\/test\/wp-json\/wp\/v2\/media?parent=46997"}],"wp:term":[{"taxonomy":"category","embeddable":true,"href":"https:\/\/zennihost.com\/test\/wp-json\/wp\/v2\/categories?post=46997"},{"taxonomy":"post_tag","embeddable":true,"href":"https:\/\/zennihost.com\/test\/wp-json\/wp\/v2\/tags?post=46997"}],"curies":[{"name":"wp","href":"https:\/\/api.w.org\/{rel}","templated":true}]}}