{"id":46994,"date":"2025-10-17T13:48:41","date_gmt":"2025-10-17T13:48:41","guid":{"rendered":"https:\/\/zennihost.com\/test\/2025\/10\/17\/tirane-dy-ore-nga-fillimi-sheshi-skenderbej-fillon-te-mbushet-me-protestues\/"},"modified":"2025-10-17T13:48:41","modified_gmt":"2025-10-17T13:48:41","slug":"tirane-dy-ore-nga-fillimi-sheshi-skenderbej-fillon-te-mbushet-me-protestues","status":"publish","type":"post","link":"https:\/\/zennihost.com\/test\/2025\/10\/17\/tirane-dy-ore-nga-fillimi-sheshi-skenderbej-fillon-te-mbushet-me-protestues\/","title":{"rendered":"Tiran\u00eb\/ Dy or\u00eb nga fillimi, sheshi \u2018Sk\u00ebnd\u00ebrbej\u2019 fillon t\u00eb mbushet me protestues"},"content":{"rendered":"<p>Teksa na ndajn\u00eb m\u00eb pak se dy or\u00eb nga protesta p\u00ebr U\u00c7K-n\u00eb, sheshi \u2018Sk\u00ebnd\u00ebrbej\u2019 ka filluar t\u00eb mbushet nga protestuesit.<\/p>\n<p>Me flamuj t\u00eb U\u00c7K-s\u00eb, n\u00eb duar, protestuesit jan\u00eb mbledhur n\u00eb shesh, teksa nuk kan\u00eb munguar as fotot para bustit t\u00eb \u2018Sk\u00ebnd\u00ebrbeut\u2019.<\/p>\n<p>Protesta pritet t\u00eb nis\u00eb deri n\u00eb or\u00ebn 17:00, teksa raportohet p\u00ebr pjes\u00ebmarrje t\u00eb madhe n\u00eb tubimin e sot\u00ebm.<\/p>\n<p>The post <a href=\"https:\/\/lexo.al\/2025\/10\/tirane-dy-ore-nga-fillimi-sheshi-skenderbej-fillon-te-mbushet-me-protestues\/\">Tiran\u00eb\/ Dy or\u00eb nga fillimi, sheshi \u2018Sk\u00ebnd\u00ebrbej\u2019 fillon t\u00eb mbushet me protestues<\/a> appeared first on <a href=\"https:\/\/lexo.al\/\">www.lexo.al<\/a>.<\/p>","protected":false},"excerpt":{"rendered":"<p>Teksa na ndajn\u00eb m\u00eb pak se dy or\u00eb nga protesta p\u00ebr U\u00c7K-n\u00eb, sheshi \u2018Sk\u00ebnd\u00ebrbej\u2019 ka filluar t\u00eb mbushet nga protestuesit. Me flamuj t\u00eb U\u00c7K-s\u00eb, n\u00eb duar, protestuesit jan\u00eb mbledhur n\u00eb shesh, teksa nuk kan\u00eb munguar as fotot para bustit t\u00eb \u2018Sk\u00ebnd\u00ebrbeut\u2019. Protesta pritet t\u00eb nis\u00eb deri n\u00eb or\u00ebn 17:00, teksa raportohet p\u00ebr pjes\u00ebmarrje t\u00eb madhe [&hellip;]<\/p>\n","protected":false},"author":0,"featured_media":0,"comment_status":"open","ping_status":"open","sticky":false,"template":"","format":"standard","meta":{"footnotes":""},"categories":[1],"tags":[],"class_list":["post-46994","post","type-post","status-publish","format-standard","hentry","category-uncategorized"],"_links":{"self":[{"href":"https:\/\/zennihost.com\/test\/wp-json\/wp\/v2\/posts\/46994","targetHints":{"allow":["GET"]}}],"collection":[{"href":"https:\/\/zennihost.com\/test\/wp-json\/wp\/v2\/posts"}],"about":[{"href":"https:\/\/zennihost.com\/test\/wp-json\/wp\/v2\/types\/post"}],"replies":[{"embeddable":true,"href":"https:\/\/zennihost.com\/test\/wp-json\/wp\/v2\/comments?post=46994"}],"version-history":[{"count":0,"href":"https:\/\/zennihost.com\/test\/wp-json\/wp\/v2\/posts\/46994\/revisions"}],"wp:attachment":[{"href":"https:\/\/zennihost.com\/test\/wp-json\/wp\/v2\/media?parent=46994"}],"wp:term":[{"taxonomy":"category","embeddable":true,"href":"https:\/\/zennihost.com\/test\/wp-json\/wp\/v2\/categories?post=46994"},{"taxonomy":"post_tag","embeddable":true,"href":"https:\/\/zennihost.com\/test\/wp-json\/wp\/v2\/tags?post=46994"}],"curies":[{"name":"wp","href":"https:\/\/api.w.org\/{rel}","templated":true}]}}