{"id":46993,"date":"2025-10-17T13:48:41","date_gmt":"2025-10-17T13:48:41","guid":{"rendered":"https:\/\/zennihost.com\/test\/2025\/10\/17\/lajmi-i-fundit-akademia-e-forcave-te-armatosura-sqaron-te-verteten-per-pagesat-ndaj-presidentit-begaj\/"},"modified":"2025-10-17T13:48:41","modified_gmt":"2025-10-17T13:48:41","slug":"lajmi-i-fundit-akademia-e-forcave-te-armatosura-sqaron-te-verteten-per-pagesat-ndaj-presidentit-begaj","status":"publish","type":"post","link":"https:\/\/zennihost.com\/test\/2025\/10\/17\/lajmi-i-fundit-akademia-e-forcave-te-armatosura-sqaron-te-verteten-per-pagesat-ndaj-presidentit-begaj\/","title":{"rendered":"LAJMI I FUNDIT\/ Akademia e Forcave t\u00eb ARMATOSURA sqaron t\u00eb v\u00ebrtet\u00ebn p\u00ebr pagesat ndaj Presidentit Begaj"},"content":{"rendered":"<p>Akademia e Forcave t\u00eb Armatosura ka reaguar k\u00ebt\u00eb t\u00eb premte lidhur me disa raportime mediatike p\u00ebr pagesa t\u00eb dyshuara ndaj Presidentit t\u00eb Republik\u00ebs, nj\u00ebkoh\u00ebsisht Komandant i P\u00ebrgjithsh\u00ebm i Forcave t\u00eb Armatosura, Bajram Begaj. N\u00eb nj\u00eb deklarat\u00eb zyrtare, institucioni mohon kategorikisht \u00e7do akuz\u00eb dhe sqaron se b\u00ebhet fjal\u00eb p\u00ebr detyrime t\u00eb prapambetura financiare ndaj stafit akademik t\u00eb angazhuar n\u00eb k\u00ebrkimin shkencor n\u00eb periudh\u00ebn 2013 \u2013 2018.<\/p>\n<p>Sipas AFA, Presidenti Begaj, n\u00eb cil\u00ebsin\u00eb e mjekut ushtarak, ka qen\u00eb pjes\u00eb e ekipeve shkencore gjat\u00eb k\u00ebsaj periudhe, duke udh\u00ebhequr tema t\u00eb studimeve t\u00eb doktorat\u00ebs n\u00eb bashk\u00ebpunim me nj\u00eb grup prej 15 profesor\u00ebsh. Institucioni thekson se pagesat jan\u00eb kryer n\u00eb p\u00ebrputhje me legjislacionin n\u00eb fuqi p\u00ebr arsimin e lart\u00eb dhe k\u00ebrkimin shkencor dhe jan\u00eb shp\u00ebrndar\u00eb n\u00eb m\u00ebnyr\u00eb t\u00eb barabart\u00eb p\u00ebr t\u00eb gjith\u00eb personelin e p\u00ebrfshir\u00eb.<\/p>\n<p>\u201cPagesat jan\u00eb realizuar gjat\u00eb viteve 2022 dhe 2024, dhe dokumentacioni financiar dhe administrativ \u00ebsht\u00eb i plot\u00eb dhe i verifikuesh\u00ebm nga \u00e7do institucion kompetent\u201d, thuhet n\u00eb deklarat\u00eb.<br \/>\nAkademia e Forcave t\u00eb Armatosura n\u00ebnvizon se procesi ka qen\u00eb transparent dhe fton organet p\u00ebrgjegj\u00ebse t\u00eb kryejn\u00eb \u00e7do verifikim t\u00eb nevojsh\u00ebm. Ajo u b\u00ebn gjithashtu thirrje mediave q\u00eb t\u00eb respektojn\u00eb etik\u00ebn profesionale dhe t\u00eb informojn\u00eb publikun mbi baz\u00ebn e fakteve t\u00eb sakta, p\u00ebr t\u00eb shmangur keqinformimin.<\/p>\n<p>The post <a href=\"https:\/\/lexo.al\/2025\/10\/lajmi-i-fundit-akademia-e-forcave-te-armatosura-sqaron-te-verteten-per-pagesat-ndaj-presidentit-begaj\/\">LAJMI I FUNDIT\/ Akademia e Forcave t\u00eb ARMATOSURA sqaron t\u00eb v\u00ebrtet\u00ebn p\u00ebr pagesat ndaj Presidentit Begaj<\/a> appeared first on <a href=\"https:\/\/lexo.al\/\">www.lexo.al<\/a>.<\/p>","protected":false},"excerpt":{"rendered":"<p>Akademia e Forcave t\u00eb Armatosura ka reaguar k\u00ebt\u00eb t\u00eb premte lidhur me disa raportime mediatike p\u00ebr pagesa t\u00eb dyshuara ndaj Presidentit t\u00eb Republik\u00ebs, nj\u00ebkoh\u00ebsisht Komandant i P\u00ebrgjithsh\u00ebm i Forcave t\u00eb Armatosura, Bajram Begaj. N\u00eb nj\u00eb deklarat\u00eb zyrtare, institucioni mohon kategorikisht \u00e7do akuz\u00eb dhe sqaron se b\u00ebhet fjal\u00eb p\u00ebr detyrime t\u00eb prapambetura financiare ndaj stafit akademik [&hellip;]<\/p>\n","protected":false},"author":0,"featured_media":0,"comment_status":"open","ping_status":"open","sticky":false,"template":"","format":"standard","meta":{"footnotes":""},"categories":[1],"tags":[],"class_list":["post-46993","post","type-post","status-publish","format-standard","hentry","category-uncategorized"],"_links":{"self":[{"href":"https:\/\/zennihost.com\/test\/wp-json\/wp\/v2\/posts\/46993","targetHints":{"allow":["GET"]}}],"collection":[{"href":"https:\/\/zennihost.com\/test\/wp-json\/wp\/v2\/posts"}],"about":[{"href":"https:\/\/zennihost.com\/test\/wp-json\/wp\/v2\/types\/post"}],"replies":[{"embeddable":true,"href":"https:\/\/zennihost.com\/test\/wp-json\/wp\/v2\/comments?post=46993"}],"version-history":[{"count":0,"href":"https:\/\/zennihost.com\/test\/wp-json\/wp\/v2\/posts\/46993\/revisions"}],"wp:attachment":[{"href":"https:\/\/zennihost.com\/test\/wp-json\/wp\/v2\/media?parent=46993"}],"wp:term":[{"taxonomy":"category","embeddable":true,"href":"https:\/\/zennihost.com\/test\/wp-json\/wp\/v2\/categories?post=46993"},{"taxonomy":"post_tag","embeddable":true,"href":"https:\/\/zennihost.com\/test\/wp-json\/wp\/v2\/tags?post=46993"}],"curies":[{"name":"wp","href":"https:\/\/api.w.org\/{rel}","templated":true}]}}